{"id":4069,"date":"2026-09-02T17:53:36","date_gmt":"2026-09-02T17:53:36","guid":{"rendered":"https:\/\/akillibrasil.com\/blog\/?p=4069"},"modified":"2026-09-02T17:58:58","modified_gmt":"2026-09-02T17:58:58","slug":"data-centers-brasil-extrativismo-digital","status":"publish","type":"post","link":"https:\/\/akillibrasil.com\/blog\/data-centers-brasil-extrativismo-digital\/","title":{"rendered":"Data centers no Brasil: progresso ou extrativismo digital?"},"content":{"rendered":"\n<p class=\"wp-block-paragraph\">O Brasil est\u00e1 prestes a fazer uma aposta bilion\u00e1ria para se tornar um dos grandes destinos mundiais de data centers. A proposta parece irresist\u00edvel: atrair big techs, ampliar a infraestrutura de intelig\u00eancia artificial, estimular investimentos e aproveitar nossa matriz energ\u00e9tica.<\/p>\n\n\n\n<p class=\"wp-block-paragraph\">Eu quero que d\u00ea certo.<\/p>\n\n\n\n<p class=\"wp-block-paragraph\">Justamente por isso, acho que precisamos desconfiar da facilidade com que essa narrativa est\u00e1 sendo vendida.<\/p>\n\n\n\n<p class=\"wp-block-paragraph\">O Senado aprovou em 1\u00ba de setembro de 2026 o PL 278\/2026, que cria o Regime Especial de Tributa\u00e7\u00e3o para Servi\u00e7os de Datacenter, o Redata. O projeto segue agora para san\u00e7\u00e3o presidencial. Entre os incentivos da instala\u00e7\u00e3o de data centers no Brasil est\u00e3o suspens\u00f5es de Imposto de Importa\u00e7\u00e3o, IPI e PIS\/Cofins. A ren\u00fancia estimada pelo governo chega a aproximadamente R$ 5,2 bilh\u00f5es apenas em 2026.<\/p>\n\n\n\n<p class=\"wp-block-paragraph\">Redata, em defini\u00e7\u00e3o simples, \u00e9 uma pol\u00edtica de incentivo fiscal destinada a tornar o Brasil mais competitivo na disputa internacional por grandes infraestruturas de processamento, armazenamento de dados e intelig\u00eancia artificial.<\/p>\n\n\n\n<p class=\"wp-block-paragraph\">A ideia n\u00e3o \u00e9 absurda. O problema est\u00e1 em descobrir <strong>quem captura o valor e quem carrega o risco<\/strong>.<\/p>\n\n\n\n<h2 class=\"wp-block-heading\">O Redata oferece contrapartidas suficientes?<\/h2>\n\n\n\n<p class=\"wp-block-paragraph\">O projeto n\u00e3o entrega incentivos sem exigir nada em troca.<\/p>\n\n\n\n<p class=\"wp-block-paragraph\">Empresas beneficiadas dever\u00e3o destinar ao mercado brasileiro pelo menos 10% da capacidade instalada com o regime, investir no pa\u00eds o equivalente a 2% do valor dos equipamentos incentivados em pesquisa, desenvolvimento e inova\u00e7\u00e3o, utilizar energia enquadrada nos crit\u00e9rios previstos pelo programa e respeitar um \u00edndice de efici\u00eancia h\u00eddrica de at\u00e9 0,05 litro por kWh, aferido anualmente.<\/p>\n\n\n\n<p class=\"wp-block-paragraph\">H\u00e1 ainda regras diferenciadas para Norte, Nordeste e Centro-Oeste: nessas regi\u00f5es, os percentuais podem cair respectivamente para 8% de capacidade e 1,6% de P&amp;D, embora 40% dos investimentos previstos em projetos de economia digital devam ser direcionados a essas regi\u00f5es.<\/p>\n\n\n\n<p class=\"wp-block-paragraph\">Portanto, dizer que n\u00e3o existem contrapartidas seria incorreto.<\/p>\n\n\n\n<p class=\"wp-block-paragraph\">Minha quest\u00e3o \u00e9 outra: <strong>elas s\u00e3o proporcionais ao tamanho do ativo estrat\u00e9gico que o Brasil est\u00e1 colocando na mesa?<\/strong><\/p>\n\n\n\n<p class=\"wp-block-paragraph\">Estamos falando de territ\u00f3rio, infraestrutura el\u00e9trica, recursos naturais, ren\u00fancia tribut\u00e1ria e acesso a um dos mercados digitais mais importantes do mundo.<\/p>\n\n\n\n<p class=\"wp-block-paragraph\">Dez por cento me parece pouco diante disso.<\/p>\n\n\n\n<p class=\"wp-block-paragraph\">Dois por cento em P&amp;D tamb\u00e9m merece escrut\u00ednio \u2014 especialmente sobre onde esse dinheiro ser\u00e1 aplicado, quem escolher\u00e1 os projetos, quem ficar\u00e1 com a propriedade intelectual e quanto desse conhecimento efetivamente criar\u00e1 empresas, pesquisadores e tecnologia brasileira.<\/p>\n\n\n\n<h2 class=\"wp-block-heading\">Por que data centers no Brasil deveriam preocupar tanto na quest\u00e3o ambiental?<\/h2>\n\n\n\n<p class=\"wp-block-paragraph\">Porque data center n\u00e3o \u00e9 uma abstra\u00e7\u00e3o chamada \u201cnuvem\u201d.<\/p>\n\n\n\n<p class=\"wp-block-paragraph\">A nuvem tem endere\u00e7o, transformador, servidor, sistema de refrigera\u00e7\u00e3o e conta de energia.<\/p>\n\n\n\n<p class=\"wp-block-paragraph\">A Ag\u00eancia Internacional de Energia estima que os data centers consumiram cerca de 415 TWh de eletricidade mundialmente em 2024. A proje\u00e7\u00e3o \u00e9 chegar perto de 945 TWh em 2030. Al\u00e9m disso, instala\u00e7\u00f5es dedicadas \u00e0 IA concentram cargas el\u00e9tricas gigantescas em regi\u00f5es espec\u00edficas, o que pode transformar um impacto global relativamente pequeno em um problema local bastante relevante.<\/p>\n\n\n\n<p class=\"wp-block-paragraph\">E essa preocupa\u00e7\u00e3o n\u00e3o est\u00e1 sendo inventada por quem \u00e9 contr\u00e1rio \u00e0 tecnologia.<\/p>\n\n\n\n<p class=\"wp-block-paragraph\">Em agosto, uma audi\u00eancia da pr\u00f3pria Comiss\u00e3o de Ci\u00eancia e Tecnologia do Senado reuniu especialistas que alertaram para consumo de \u00e1gua, press\u00e3o sobre o sistema el\u00e9trico, poss\u00edveis aumentos de custos para consumidores e benef\u00edcios sociais insuficientes.<\/p>\n\n\n\n<p class=\"wp-block-paragraph\">O Conama tamb\u00e9m mant\u00e9m processo espec\u00edfico tratando da necessidade urgente de diretrizes nacionais e salvaguardas socioambientais e clim\u00e1ticas para o licenciamento de data centers.<\/p>\n\n\n\n<p class=\"wp-block-paragraph\">Isso deveria acender uma luz amarela.<\/p>\n\n\n\n<h3 class=\"wp-block-heading\">Efici\u00eancia h\u00eddrica resolve o problema da \u00e1gua?<\/h3>\n\n\n\n<p class=\"wp-block-paragraph\">Ajuda. N\u00e3o resolve tudo.<\/p>\n\n\n\n<p class=\"wp-block-paragraph\">Estabelecer um WUE m\u00e1ximo de 0,05 L\/kWh \u00e9 melhor do que deixar o tema completamente aberto. Por\u00e9m, uma m\u00e9dia anual de efici\u00eancia n\u00e3o responde sozinha a perguntas territoriais fundamentais.<\/p>\n\n\n\n<p class=\"wp-block-paragraph\">De qual fonte sair\u00e1 a \u00e1gua? Qual \u00e9 a disponibilidade daquela bacia? O que acontece durante uma seca? Existem outros grandes consumidores na mesma regi\u00e3o? Qual ser\u00e1 o impacto acumulado de dez instala\u00e7\u00f5es pr\u00f3ximas? Quem ter\u00e1 prioridade em uma situa\u00e7\u00e3o cr\u00edtica?<\/p>\n\n\n\n<p class=\"wp-block-paragraph\">\u00c9 a\u00ed que sustentabilidade deixa de ser indicador de PowerPoint e vira governan\u00e7a territorial.<\/p>\n\n\n\n<h2 class=\"wp-block-heading\">O maior risco pode ser econ\u00f4mico, e n\u00e3o tecnol\u00f3gico<\/h2>\n\n\n\n<p class=\"wp-block-paragraph\">Minha preocupa\u00e7\u00e3o central com o Redata e a chegada de data centers no Brasil \u00e9 que o pa\u00eds construa infraestrutura sem construir ecossistema.<\/p>\n\n\n\n<p class=\"wp-block-paragraph\">Imagine uma cidade recebendo um grande empreendimento.<\/p>\n\n\n\n<p class=\"wp-block-paragraph\">O propriet\u00e1rio do terreno ganha. A constru\u00e7\u00e3o civil ganha. Empresas de infraestrutura ganham. Fornecedores de energia e conectividade ganham. Consultorias, intermedi\u00e1rios e operadores especializados ganham.<\/p>\n\n\n\n<p class=\"wp-block-paragraph\">Durante alguns anos, os investimentos impressionam.<\/p>\n\n\n\n<p class=\"wp-block-paragraph\">Ent\u00e3o o data center entra em opera\u00e7\u00e3o.<\/p>\n\n\n\n<p class=\"wp-block-paragraph\">A pergunta passa a ser: <strong>o que permaneceu no territ\u00f3rio al\u00e9m do pr\u00e9dio?<\/strong><\/p>\n\n\n\n<p class=\"wp-block-paragraph\">Quantas empresas brasileiras nasceram daquela infraestrutura? Quantos pesquisadores foram financiados? Quantas startups ganharam acesso subsidiado a processamento? Quantos modelos de IA brasileiros foram treinados? Quanto da propriedade intelectual permaneceu aqui? Qual ind\u00fastria nacional de equipamentos surgiu?<\/p>\n\n\n\n<p class=\"wp-block-paragraph\">Se essas respostas forem fracas, teremos conseguido atrair capital sem necessariamente construir capacidade nacional.<\/p>\n\n\n\n<blockquote class=\"wp-block-quote is-layout-flow wp-block-quote-is-layout-flow\">\n<p class=\"wp-block-paragraph\"><strong>Se o Brasil oferece energia, territ\u00f3rio, infraestrutura, recursos naturais e ren\u00fancia fiscal, precisa receber muito mais do que racks de servidores em troca.<\/strong><\/p>\n<\/blockquote>\n\n\n\n<p class=\"wp-block-paragraph\">Esse \u00e9 o ponto.<\/p>\n\n\n\n<h2 class=\"wp-block-heading\">Estamos diante de um novo ciclo de captura de renda com data centers no Brasil?<\/h2>\n\n\n\n<p class=\"wp-block-paragraph\">Aqui entra minha maior retic\u00eancia.<\/p>\n\n\n\n<p class=\"wp-block-paragraph\">O Brasil tem uma longa hist\u00f3ria de grandes ciclos econ\u00f4micos acompanhados por discursos grandiosos sobre desenvolvimento. E j\u00e1 aprendemos que investimento gigantesco, urg\u00eancia pol\u00edtica, contratos concentrados e fiscaliza\u00e7\u00e3o insuficiente formam uma combina\u00e7\u00e3o perigosa.<\/p>\n\n\n\n<p class=\"wp-block-paragraph\">Copa do Mundo e Olimp\u00edadas n\u00e3o provam que o Redata terminar\u00e1 em corrup\u00e7\u00e3o. Fazer essa associa\u00e7\u00e3o automaticamente seria pregui\u00e7a intelectual.<\/p>\n\n\n\n<p class=\"wp-block-paragraph\">Mas aqueles epis\u00f3dios deixam uma li\u00e7\u00e3o institucional v\u00e1lida: <strong>quanto maior o volume de dinheiro, infraestrutura e poder econ\u00f4mico envolvidos, mais forte deveria ser a governan\u00e7a \u2014 e n\u00e3o o contr\u00e1rio.<\/strong><\/p>\n\n\n\n<p class=\"wp-block-paragraph\">Por isso, n\u00e3o precisamos acusar ningu\u00e9m de estar preparando um esquema para perceber um risco evidente de captura.<\/p>\n\n\n\n<p class=\"wp-block-paragraph\">Se valoriza\u00e7\u00e3o imobili\u00e1ria, acesso \u00e0 rede el\u00e9trica, licenciamento, contratos de constru\u00e7\u00e3o, fornecedores estrat\u00e9gicos e incentivos ficarem concentrados em poucos atores bem posicionados, podemos assistir a uma enorme transfer\u00eancia de valor para grupos privados sem retorno proporcional para a sociedade.<\/p>\n\n\n\n<p class=\"wp-block-paragraph\">E \u00e9 justamente a\u00ed que a popula\u00e7\u00e3o precisa prestar aten\u00e7\u00e3o.<\/p>\n\n\n\n<h2 class=\"wp-block-heading\">O que a sociedade deveria come\u00e7ar a cobrar agora?<\/h2>\n\n\n\n<p class=\"wp-block-paragraph\">Antes de comemorar bilh\u00f5es anunciados, eu gostaria de ver respostas p\u00fablicas, audit\u00e1veis e atualizadas para sete perguntas:<\/p>\n\n\n\n<ul class=\"wp-block-list\">\n<li>Quem s\u00e3o os benefici\u00e1rios finais dos empreendimentos, terrenos, contratos e incentivos?<\/li>\n\n\n\n<li>Quanto de dinheiro p\u00fablico ser\u00e1 renunciado por emprego permanente efetivamente criado?<\/li>\n\n\n\n<li>Qual ser\u00e1 o consumo de \u00e1gua e energia de cada instala\u00e7\u00e3o e qual o impacto acumulado no territ\u00f3rio?<\/li>\n\n\n\n<li>Como a popula\u00e7\u00e3o local participar\u00e1 dos processos de licenciamento e decis\u00e3o?<\/li>\n\n\n\n<li>Quanto da capacidade computacional incentivada chegar\u00e1 a universidades, startups e empresas brasileiras?<\/li>\n\n\n\n<li>Quem receber\u00e1 os investimentos obrigat\u00f3rios em P&amp;D e quais resultados dever\u00e3o entregar?<\/li>\n\n\n\n<li>Quais metas permitir\u00e3o cancelar benef\u00edcios quando uma empresa n\u00e3o produzir o impacto socioecon\u00f4mico prometido?<\/li>\n<\/ul>\n\n\n\n<p class=\"wp-block-paragraph\">Essas informa\u00e7\u00f5es deveriam ser p\u00fablicas por padr\u00e3o.<\/p>\n\n\n\n<p class=\"wp-block-paragraph\">N\u00e3o enterradas em relat\u00f3rios t\u00e9cnicos imposs\u00edveis de encontrar.<\/p>\n\n\n\n<h2 class=\"wp-block-heading\">O que eu vejo na pr\u00e1tica<\/h2>\n\n\n\n<p class=\"wp-block-paragraph\">Trabalhando com inova\u00e7\u00e3o e modelagem de ecossistemas, uma coisa me incomoda especialmente: confundimos com frequ\u00eancia <strong>atra\u00e7\u00e3o de investimento<\/strong> com <strong>desenvolvimento de ecossistema<\/strong>.<\/p>\n\n\n\n<p class=\"wp-block-paragraph\">S\u00e3o coisas diferentes.<\/p>\n\n\n\n<p class=\"wp-block-paragraph\">Um investimento pode movimentar bilh\u00f5es e ainda deixar pouca capacidade distribu\u00edda no territ\u00f3rio.<\/p>\n\n\n\n<p class=\"wp-block-paragraph\">Um ecossistema saud\u00e1vel cria conhecimento, fornecedores, talentos, empresas, infraestrutura compartilhada, redes de relacionamento e capacidade de continuar inovando mesmo depois que o investidor original for embora.<\/p>\n\n\n\n<p class=\"wp-block-paragraph\">Essa mesma discuss\u00e3o apareceu quando analisamos na Akilli o avan\u00e7o do capital estrangeiro sobre setores estrat\u00e9gicos brasileiros. Vale complementar esta leitura com <a target=\"_blank\" rel=\"noopener\" href=\"https:\/\/akillibrasil.com\/blog\/investimentos-estrangeiros-brasil-oportunidade-energetica\/?utm_source=chatgpt.com\">O Brasil virou a bola da vez para investimentos estrangeiros?<\/a> e com o caso industrial analisado em <a target=\"_blank\" rel=\"noopener\" href=\"https:\/\/akillibrasil.com\/blog\/fabrica-byd-brasil-onde-fica-e-empregos\/?utm_source=chatgpt.com\">Onde fica a f\u00e1brica BYD Brasil e por que isso importa?<\/a>.<\/p>\n\n\n\n<p class=\"wp-block-paragraph\">O princ\u00edpio \u00e9 o mesmo: <strong>investimento estrangeiro n\u00e3o \u00e9 desenvolvimento autom\u00e1tico<\/strong>.<\/p>\n\n\n\n<p class=\"wp-block-paragraph\">\u00c9 mat\u00e9ria-prima para desenvolvimento. A transforma\u00e7\u00e3o depende de estrat\u00e9gia e governan\u00e7a.<\/p>\n\n\n\n<h2 class=\"wp-block-heading\">Ent\u00e3o o Brasil deveria rejeitar os data centers?<\/h2>\n\n\n\n<p class=\"wp-block-paragraph\">N\u00e3o.<\/p>\n\n\n\n<p class=\"wp-block-paragraph\">Seria um erro estrat\u00e9gico.<\/p>\n\n\n\n<p class=\"wp-block-paragraph\">A intelig\u00eancia artificial est\u00e1 aumentando dramaticamente a demanda global por infraestrutura computacional. Energia dispon\u00edvel, capacidade de gera\u00e7\u00e3o renov\u00e1vel, mercado interno, conectividade e posi\u00e7\u00e3o geopol\u00edtica d\u00e3o ao Brasil ativos reais nessa disputa.<\/p>\n\n\n\n<p class=\"wp-block-paragraph\">A oportunidade existe.<\/p>\n\n\n\n<p class=\"wp-block-paragraph\">E talvez seja justamente por ela ser t\u00e3o grande que dever\u00edamos negociar melhor.<\/p>\n\n\n\n<p class=\"wp-block-paragraph\">A posi\u00e7\u00e3o inteligente n\u00e3o \u00e9 \u201cdata center n\u00e3o\u201d.<\/p>\n\n\n\n<p class=\"wp-block-paragraph\">\u00c9: <strong>data center, sim \u2014 mas dentro de uma pol\u00edtica nacional de desenvolvimento tecnol\u00f3gico, energ\u00e9tico, h\u00eddrico e industrial.<\/strong><\/p>\n\n\n\n<p class=\"wp-block-paragraph\">Isso significa transformar acesso ao mercado brasileiro em poder de negocia\u00e7\u00e3o.<\/p>\n\n\n\n<p class=\"wp-block-paragraph\">Significa exigir forma\u00e7\u00e3o profissional, fornecedores nacionais, pesquisa aplicada, transpar\u00eancia h\u00eddrica, compensa\u00e7\u00e3o territorial, capacidade computacional para ci\u00eancia brasileira, desenvolvimento de startups e mecanismos audit\u00e1veis de transfer\u00eancia tecnol\u00f3gica.<\/p>\n\n\n\n<h2 class=\"wp-block-heading\">O que \u00e9 fato, interpreta\u00e7\u00e3o e recomenda\u00e7\u00e3o?<\/h2>\n\n\n\n<p class=\"wp-block-paragraph\">O fato \u00e9 que o Congresso aprovou incentivos substanciais e estabeleceu contrapartidas ambientais, tecnol\u00f3gicas e econ\u00f4micas. O projeto aguarda san\u00e7\u00e3o e ainda depender\u00e1 de regulamenta\u00e7\u00e3o em v\u00e1rios aspectos.<\/p>\n\n\n\n<p class=\"wp-block-paragraph\">Minha interpreta\u00e7\u00e3o \u00e9 que as contrapartidas atuais representam um ponto de partida, mas ainda n\u00e3o demonstram que o valor capturado pela sociedade brasileira ser\u00e1 proporcional aos ativos colocados \u00e0 disposi\u00e7\u00e3o desses empreendimentos.<\/p>\n\n\n\n<p class=\"wp-block-paragraph\">Minha recomenda\u00e7\u00e3o \u00e9 simples: <strong>acompanhem esse projeto.<\/strong><\/p>\n\n\n\n<p class=\"wp-block-paragraph\">Imprensa, universidades, organiza\u00e7\u00f5es ambientais, startups, pesquisadores, empreendedores, sociedade civil e \u00f3rg\u00e3os de controle deveriam observar atentamente cada regulamenta\u00e7\u00e3o, licenciamento e grande contrato decorrente dessa pol\u00edtica.<\/p>\n\n\n\n<p class=\"wp-block-paragraph\">Porque depois que bilh\u00f5es forem investidos e territ\u00f3rios inteiros se reorganizarem em torno dessa infraestrutura, corrigir um desenho ruim ficar\u00e1 muito mais caro.<\/p>\n\n\n\n<h2 class=\"wp-block-heading\">O Brasil ainda pode fazer esse jogo direito<\/h2>\n\n\n\n<p class=\"wp-block-paragraph\">Aqui est\u00e1 a parte mais importante: n\u00e3o considero o cen\u00e1rio perdido.<\/p>\n\n\n\n<p class=\"wp-block-paragraph\">Pelo contr\u00e1rio.<\/p>\n\n\n\n<p class=\"wp-block-paragraph\">O Brasil est\u00e1 em uma posi\u00e7\u00e3o rara. Big techs precisam de energia, capacidade computacional e novos territ\u00f3rios. N\u00f3s temos ativos que o mundo est\u00e1 procurando.<\/p>\n\n\n\n<p class=\"wp-block-paragraph\">Quem precisa negociar melhor n\u00e3o somos n\u00f3s?<\/p>\n\n\n\n<p class=\"wp-block-paragraph\">Em vez de oferecer o pa\u00eds como destino barato para processamento estrangeiro, podemos usar esse momento para construir capacidade computacional brasileira, formar talentos, financiar ci\u00eancia, estimular empresas nacionais e transformar nossa vantagem energ\u00e9tica em uma nova ind\u00fastria tecnol\u00f3gica.<\/p>\n\n\n\n<p class=\"wp-block-paragraph\">Essa \u00e9 a oportunidade.<\/p>\n\n\n\n<p class=\"wp-block-paragraph\">Mas oportunidade sem governan\u00e7a tamb\u00e9m \u00e9 oportunidade para captura.<\/p>\n\n\n\n<p class=\"wp-block-paragraph\">Por isso, a sociedade brasileira deveria observar o Redata com lupa \u2014 n\u00e3o para impedir o futuro, mas para garantir que, desta vez, <strong>o futuro deixe alguma coisa aqui<\/strong>.<\/p>\n\n\n\n<p class=\"wp-block-paragraph\">Na Akilli Brasil, defendemos inova\u00e7\u00e3o com governan\u00e7a, evid\u00eancia e capacidade de execu\u00e7\u00e3o. Tecnologia n\u00e3o deveria ser tratada como espet\u00e1culo, assim como sustentabilidade n\u00e3o pode servir apenas como argumento comercial.<\/p>\n\n\n\n<p class=\"wp-block-paragraph\"><strong>Inova\u00e7\u00e3o que consome recursos brasileiros precisa criar capacidade brasileira.<\/strong><\/p>\n\n\n\n<p class=\"wp-block-paragraph\">Se n\u00e3o conseguirmos garantir isso, corremos o risco de descobrir daqui a dez anos que constru\u00edmos uma das infraestruturas digitais mais modernas do planeta para enriquecer poucos atores enquanto socializamos os custos.<\/p>\n\n\n\n<p class=\"wp-block-paragraph\">E a\u00ed n\u00e3o ser\u00e1 revolu\u00e7\u00e3o tecnol\u00f3gica.<\/p>\n\n\n\n<p class=\"wp-block-paragraph\">Ser\u00e1 apenas um velho modelo econ\u00f4mico rodando em servidores novos.<\/p>\n\n\n\n<p class=\"wp-block-paragraph\">As principais refer\u00eancias externas para esta an\u00e1lise s\u00e3o o <a target=\"_blank\" rel=\"noopener\" href=\"https:\/\/www25.senado.leg.br\/pt_BR\/web\/atividade\/materias\/-\/materia\/172786?utm_source=chatgpt.com\">texto e acompanhamento do PL 278\/2026 no Senado Federal<\/a>, a <a target=\"_blank\" rel=\"noopener\" href=\"https:\/\/www12.senado.leg.br\/noticias\/materias\/2026\/09\/01\/incentivo-para-instalacao-de-data-centers-no-brasil-e-aprovado-pelo-senado?utm_source=chatgpt.com\">explica\u00e7\u00e3o das contrapartidas do Redata pela Ag\u00eancia Senado<\/a>, os estudos da <a target=\"_blank\" rel=\"noopener\" href=\"https:\/\/www.iea.org\/reports\/energy-and-ai\/?utm_source=chatgpt.com\">Ag\u00eancia Internacional de Energia sobre energia e IA<\/a>, a <a target=\"_blank\" rel=\"noopener\" href=\"https:\/\/www12.senado.leg.br\/noticias\/materias\/2026\/08\/04\/especialistas-alertam-para-riscos-de-expansao-de-data-centers-de-ia-no-brasil?utm_source=chatgpt.com\">audi\u00eancia do Senado sobre os riscos da expans\u00e3o dos data centers<\/a> e o <a target=\"_blank\" rel=\"noopener\" href=\"https:\/\/conama.mma.gov.br\/?id=2709&amp;option=com_sisconama&amp;view=processo&amp;utm_source=chatgpt.com\">processo do Conama sobre salvaguardas socioambientais<\/a>.<\/p>\n\n\n\n<p class=\"wp-block-paragraph\"><\/p>\n","protected":false},"excerpt":{"rendered":"<p>O Brasil est\u00e1 prestes a fazer uma aposta bilion\u00e1ria para se tornar um dos grandes destinos mundiais de data centers. A proposta parece irresist\u00edvel: atrair big techs, ampliar a infraestrutura de intelig\u00eancia artificial, estimular investimentos e aproveitar nossa matriz energ\u00e9tica. Eu quero que d\u00ea certo. Justamente por isso, acho que precisamos desconfiar da facilidade com [&hellip;]<\/p>\n","protected":false},"author":2,"featured_media":4070,"comment_status":"open","ping_status":"open","sticky":false,"template":"","format":"standard","meta":{"_jetpack_newsletter_access":"","_jetpack_dont_email_post_to_subs":false,"_jetpack_newsletter_tier_id":0,"_jetpack_memberships_contains_paywalled_content":false,"_jetpack_feature_clip_id":0,"_jetpack_memberships_contains_paid_content":false,"footnotes":"","jetpack_publicize_message":"Redata incentiva data centers no Brasil. Entenda os ganhos poss\u00edveis, os riscos socioambientais e por que a sociedade precisa fiscalizar.\n\nLeia an\u00e1lise completa em: akillibrasil.com\/blog","jetpack_publicize_feature_enabled":true,"jetpack_social_post_already_shared":false,"jetpack_social_options":{"image_generator_settings":{"template":"highway","default_image_id":0,"font":"","enabled":false},"version":2},"jetpack_post_was_ever_published":false},"categories":[64,7,238,419,27,424,93,431,156,432,34,1],"tags":[570,566,384,369,250,568,569,567],"class_list":["post-4069","post","type-post","status-publish","format-standard","has-post-thumbnail","hentry","category-atualidades","category-desenvolvimento","category-economia","category-geopolitica","category-gestao","category-gestao-de-dados","category-ia","category-inovacao","category-logistica","category-startups","category-tecnologia","category-todos","tag-brasil","tag-data-centers","tag-economia-digital","tag-governanca","tag-inteligencia-artificial","tag-redata","tag-soberania-digital","tag-sustentabilidade"],"yoast_head":"<!-- This site is optimized with the Yoast SEO plugin v28.4 - https:\/\/yoast.com\/product\/yoast-seo-wordpress\/ -->\n<title>Data centers Brasil - progresso ou extrativismo digital?<\/title>\n<meta name=\"description\" content=\"Redata incentiva data centers no Brasil. Entenda os ganhos poss\u00edveis, os riscos socioambientais e por que a sociedade precisa fiscalizar.\" \/>\n<meta name=\"robots\" content=\"index, follow, max-snippet:-1, max-image-preview:large, max-video-preview:-1\" \/>\n<link rel=\"canonical\" href=\"https:\/\/akillibrasil.com\/blog\/data-centers-brasil-extrativismo-digital\/\" \/>\n<meta property=\"og:locale\" content=\"pt_BR\" \/>\n<meta property=\"og:type\" content=\"article\" \/>\n<meta property=\"og:title\" content=\"Data centers Brasil - progresso ou extrativismo digital?\" \/>\n<meta property=\"og:description\" content=\"Redata incentiva data centers no Brasil. Entenda os ganhos poss\u00edveis, os riscos socioambientais e por que a sociedade precisa fiscalizar.\" \/>\n<meta property=\"og:url\" content=\"https:\/\/akillibrasil.com\/blog\/data-centers-brasil-extrativismo-digital\/\" \/>\n<meta property=\"article:publisher\" content=\"https:\/\/facebook.com\/akillibrasil\" \/>\n<meta property=\"article:author\" content=\"https:\/\/facebook.com\/kirondelima\" \/>\n<meta property=\"article:published_time\" content=\"2026-09-02T17:53:36+00:00\" \/>\n<meta property=\"article:modified_time\" content=\"2026-09-02T17:58:58+00:00\" \/>\n<meta property=\"og:image\" content=\"https:\/\/akillibrasil.com\/blog\/wp-content\/uploads\/2026\/09\/data-centers-brasil-1024x768.png\" \/>\n\t<meta property=\"og:image:width\" content=\"1024\" \/>\n\t<meta property=\"og:image:height\" content=\"768\" \/>\n\t<meta property=\"og:image:type\" content=\"image\/png\" \/>\n<meta name=\"author\" content=\"Erik Lima\" \/>\n<meta name=\"twitter:card\" content=\"summary_large_image\" \/>\n<meta name=\"twitter:creator\" content=\"@erikkiron\" \/>\n<meta name=\"twitter:site\" content=\"@akillibrasil\" \/>\n<meta name=\"twitter:label1\" content=\"Escrito por\" \/>\n\t<meta name=\"twitter:data1\" content=\"Erik Lima\" \/>\n\t<meta name=\"twitter:label2\" content=\"Est. tempo de leitura\" \/>\n\t<meta name=\"twitter:data2\" content=\"10 minutos\" \/>\n<script type=\"application\/ld+json\" class=\"yoast-schema-graph\">{\"@context\":\"https:\\\/\\\/schema.org\",\"@graph\":[{\"@type\":\"Article\",\"@id\":\"https:\\\/\\\/akillibrasil.com\\\/blog\\\/data-centers-brasil-extrativismo-digital\\\/#article\",\"isPartOf\":{\"@id\":\"https:\\\/\\\/akillibrasil.com\\\/blog\\\/data-centers-brasil-extrativismo-digital\\\/\"},\"author\":{\"name\":\"Erik Lima\",\"@id\":\"https:\\\/\\\/akillibrasil.com\\\/blog\\\/#\\\/schema\\\/person\\\/8faa1e5a2100da58e3a8a9d4b63c03b5\"},\"headline\":\"Data centers no Brasil: progresso ou extrativismo digital?\",\"datePublished\":\"2026-09-02T17:53:36+00:00\",\"dateModified\":\"2026-09-02T17:58:58+00:00\",\"mainEntityOfPage\":{\"@id\":\"https:\\\/\\\/akillibrasil.com\\\/blog\\\/data-centers-brasil-extrativismo-digital\\\/\"},\"wordCount\":1994,\"commentCount\":0,\"publisher\":{\"@id\":\"https:\\\/\\\/akillibrasil.com\\\/blog\\\/#organization\"},\"image\":{\"@id\":\"https:\\\/\\\/akillibrasil.com\\\/blog\\\/data-centers-brasil-extrativismo-digital\\\/#primaryimage\"},\"thumbnailUrl\":\"https:\\\/\\\/akillibrasil.com\\\/blog\\\/wp-content\\\/uploads\\\/2026\\\/09\\\/data-centers-brasil.png\",\"keywords\":[\"Brasil\",\"Data Centers\",\"economia digital\",\"governan\u00e7a\",\"Intelig\u00eancia Artificial\",\"Redata\",\"Soberania Digital\",\"Sustentabilidade\"],\"articleSection\":[\"Atualidades\",\"Desenvolvimento\",\"Economia\",\"Geopol\u00edtica\",\"Gest\u00e3o\",\"Gest\u00e3o de Dados\",\"IA\",\"Inova\u00e7\u00e3o\",\"Log\u00edstica\",\"Startups\",\"Tecnologia\",\"Todos\"],\"inLanguage\":\"pt-BR\",\"potentialAction\":[{\"@type\":\"CommentAction\",\"name\":\"Comment\",\"target\":[\"https:\\\/\\\/akillibrasil.com\\\/blog\\\/data-centers-brasil-extrativismo-digital\\\/#respond\"]}]},{\"@type\":\"WebPage\",\"@id\":\"https:\\\/\\\/akillibrasil.com\\\/blog\\\/data-centers-brasil-extrativismo-digital\\\/\",\"url\":\"https:\\\/\\\/akillibrasil.com\\\/blog\\\/data-centers-brasil-extrativismo-digital\\\/\",\"name\":\"Data centers Brasil - progresso ou extrativismo digital?\",\"isPartOf\":{\"@id\":\"https:\\\/\\\/akillibrasil.com\\\/blog\\\/#website\"},\"primaryImageOfPage\":{\"@id\":\"https:\\\/\\\/akillibrasil.com\\\/blog\\\/data-centers-brasil-extrativismo-digital\\\/#primaryimage\"},\"image\":{\"@id\":\"https:\\\/\\\/akillibrasil.com\\\/blog\\\/data-centers-brasil-extrativismo-digital\\\/#primaryimage\"},\"thumbnailUrl\":\"https:\\\/\\\/akillibrasil.com\\\/blog\\\/wp-content\\\/uploads\\\/2026\\\/09\\\/data-centers-brasil.png\",\"datePublished\":\"2026-09-02T17:53:36+00:00\",\"dateModified\":\"2026-09-02T17:58:58+00:00\",\"description\":\"Redata incentiva data centers no Brasil. Entenda os ganhos poss\u00edveis, os riscos socioambientais e por que a sociedade precisa fiscalizar.\",\"breadcrumb\":{\"@id\":\"https:\\\/\\\/akillibrasil.com\\\/blog\\\/data-centers-brasil-extrativismo-digital\\\/#breadcrumb\"},\"inLanguage\":\"pt-BR\",\"potentialAction\":[{\"@type\":\"ReadAction\",\"target\":[\"https:\\\/\\\/akillibrasil.com\\\/blog\\\/data-centers-brasil-extrativismo-digital\\\/\"]}]},{\"@type\":\"ImageObject\",\"inLanguage\":\"pt-BR\",\"@id\":\"https:\\\/\\\/akillibrasil.com\\\/blog\\\/data-centers-brasil-extrativismo-digital\\\/#primaryimage\",\"url\":\"https:\\\/\\\/akillibrasil.com\\\/blog\\\/wp-content\\\/uploads\\\/2026\\\/09\\\/data-centers-brasil.png\",\"contentUrl\":\"https:\\\/\\\/akillibrasil.com\\\/blog\\\/wp-content\\\/uploads\\\/2026\\\/09\\\/data-centers-brasil.png\",\"width\":1448,\"height\":1086,\"caption\":\"data centers brasil\"},{\"@type\":\"BreadcrumbList\",\"@id\":\"https:\\\/\\\/akillibrasil.com\\\/blog\\\/data-centers-brasil-extrativismo-digital\\\/#breadcrumb\",\"itemListElement\":[{\"@type\":\"ListItem\",\"position\":1,\"name\":\"In\u00edcio\",\"item\":\"https:\\\/\\\/akillibrasil.com\\\/blog\\\/\"},{\"@type\":\"ListItem\",\"position\":2,\"name\":\"Data centers no Brasil: progresso ou extrativismo digital?\"}]},{\"@type\":\"WebSite\",\"@id\":\"https:\\\/\\\/akillibrasil.com\\\/blog\\\/#website\",\"url\":\"https:\\\/\\\/akillibrasil.com\\\/blog\\\/\",\"name\":\"Akilli Blog\",\"description\":\"Informa\u00e7\u00e3o para voc\u00ea formar sua opini\u00e3o.\",\"publisher\":{\"@id\":\"https:\\\/\\\/akillibrasil.com\\\/blog\\\/#organization\"},\"potentialAction\":[{\"@type\":\"SearchAction\",\"target\":{\"@type\":\"EntryPoint\",\"urlTemplate\":\"https:\\\/\\\/akillibrasil.com\\\/blog\\\/?s={search_term_string}\"},\"query-input\":{\"@type\":\"PropertyValueSpecification\",\"valueRequired\":true,\"valueName\":\"search_term_string\"}}],\"inLanguage\":\"pt-BR\"},{\"@type\":\"Organization\",\"@id\":\"https:\\\/\\\/akillibrasil.com\\\/blog\\\/#organization\",\"name\":\"Akilli Brasil Ltda.\",\"url\":\"https:\\\/\\\/akillibrasil.com\\\/blog\\\/\",\"logo\":{\"@type\":\"ImageObject\",\"inLanguage\":\"pt-BR\",\"@id\":\"https:\\\/\\\/akillibrasil.com\\\/blog\\\/#\\\/schema\\\/logo\\\/image\\\/\",\"url\":\"https:\\\/\\\/akillibrasil.com\\\/blog\\\/wp-content\\\/uploads\\\/2024\\\/10\\\/cropped-Logotipo-final-2.png\",\"contentUrl\":\"https:\\\/\\\/akillibrasil.com\\\/blog\\\/wp-content\\\/uploads\\\/2024\\\/10\\\/cropped-Logotipo-final-2.png\",\"width\":1998,\"height\":667,\"caption\":\"Akilli Brasil Ltda.\"},\"image\":{\"@id\":\"https:\\\/\\\/akillibrasil.com\\\/blog\\\/#\\\/schema\\\/logo\\\/image\\\/\"},\"sameAs\":[\"https:\\\/\\\/facebook.com\\\/akillibrasil\",\"https:\\\/\\\/x.com\\\/akillibrasil\",\"https:\\\/\\\/instagram.com\\\/akillibrasil\",\"https:\\\/\\\/linkedin.com\\\/company\\\/akilli-brasil\"]},{\"@type\":\"Person\",\"@id\":\"https:\\\/\\\/akillibrasil.com\\\/blog\\\/#\\\/schema\\\/person\\\/8faa1e5a2100da58e3a8a9d4b63c03b5\",\"name\":\"Erik Lima\",\"pronouns\":\"ele\\\/dele\",\"image\":{\"@type\":\"ImageObject\",\"inLanguage\":\"pt-BR\",\"@id\":\"https:\\\/\\\/secure.gravatar.com\\\/avatar\\\/f55bafb5612ba885d8d87b925ce5d0f292e1680d2328d563780aad99dcb36272?s=96&d=mm&r=g\",\"url\":\"https:\\\/\\\/secure.gravatar.com\\\/avatar\\\/f55bafb5612ba885d8d87b925ce5d0f292e1680d2328d563780aad99dcb36272?s=96&d=mm&r=g\",\"contentUrl\":\"https:\\\/\\\/secure.gravatar.com\\\/avatar\\\/f55bafb5612ba885d8d87b925ce5d0f292e1680d2328d563780aad99dcb36272?s=96&d=mm&r=g\",\"caption\":\"Erik Lima\"},\"description\":\"Ao longo dos \u00faltimos anos, venho desenvolvendo solu\u00e7\u00f5es criativas e inovadoras na interse\u00e7\u00e3o entre comunica\u00e7\u00e3o, cultura, tecnologia e entretenimento. Sou fundador da Akilli Brasil, uma \u201cempresa que cria\u201d \u2014 marcas, conte\u00fados, sistemas, produtos digitais, programas de m\u00eddia e plataformas que conectam ideias a opera\u00e7\u00e3o.\",\"sameAs\":[\"https:\\\/\\\/instagram.com\\\/erik.kiron\",\"https:\\\/\\\/facebook.com\\\/kirondelima\",\"https:\\\/\\\/linkedin.com\\\/in\\\/erikklima\",\"https:\\\/\\\/x.com\\\/erikkiron\"],\"url\":\"https:\\\/\\\/akillibrasil.com\\\/blog\\\/author\\\/erikklima\\\/\"}]}<\/script>\n<!-- \/ Yoast SEO plugin. -->","yoast_head_json":{"title":"Data centers Brasil - progresso ou extrativismo digital?","description":"Redata incentiva data centers no Brasil. Entenda os ganhos poss\u00edveis, os riscos socioambientais e por que a sociedade precisa fiscalizar.","robots":{"index":"index","follow":"follow","max-snippet":"max-snippet:-1","max-image-preview":"max-image-preview:large","max-video-preview":"max-video-preview:-1"},"canonical":"https:\/\/akillibrasil.com\/blog\/data-centers-brasil-extrativismo-digital\/","og_locale":"pt_BR","og_type":"article","og_title":"Data centers Brasil - progresso ou extrativismo digital?","og_description":"Redata incentiva data centers no Brasil. Entenda os ganhos poss\u00edveis, os riscos socioambientais e por que a sociedade precisa fiscalizar.","og_url":"https:\/\/akillibrasil.com\/blog\/data-centers-brasil-extrativismo-digital\/","article_publisher":"https:\/\/facebook.com\/akillibrasil","article_author":"https:\/\/facebook.com\/kirondelima","article_published_time":"2026-09-02T17:53:36+00:00","article_modified_time":"2026-09-02T17:58:58+00:00","og_image":[{"width":1024,"height":768,"url":"https:\/\/akillibrasil.com\/blog\/wp-content\/uploads\/2026\/09\/data-centers-brasil-1024x768.png","type":"image\/png"}],"author":"Erik Lima","twitter_card":"summary_large_image","twitter_creator":"@erikkiron","twitter_site":"@akillibrasil","twitter_misc":{"Escrito por":"Erik Lima","Est. tempo de leitura":"10 minutos"},"schema":{"@context":"https:\/\/schema.org","@graph":[{"@type":"Article","@id":"https:\/\/akillibrasil.com\/blog\/data-centers-brasil-extrativismo-digital\/#article","isPartOf":{"@id":"https:\/\/akillibrasil.com\/blog\/data-centers-brasil-extrativismo-digital\/"},"author":{"name":"Erik Lima","@id":"https:\/\/akillibrasil.com\/blog\/#\/schema\/person\/8faa1e5a2100da58e3a8a9d4b63c03b5"},"headline":"Data centers no Brasil: progresso ou extrativismo digital?","datePublished":"2026-09-02T17:53:36+00:00","dateModified":"2026-09-02T17:58:58+00:00","mainEntityOfPage":{"@id":"https:\/\/akillibrasil.com\/blog\/data-centers-brasil-extrativismo-digital\/"},"wordCount":1994,"commentCount":0,"publisher":{"@id":"https:\/\/akillibrasil.com\/blog\/#organization"},"image":{"@id":"https:\/\/akillibrasil.com\/blog\/data-centers-brasil-extrativismo-digital\/#primaryimage"},"thumbnailUrl":"https:\/\/akillibrasil.com\/blog\/wp-content\/uploads\/2026\/09\/data-centers-brasil.png","keywords":["Brasil","Data Centers","economia digital","governan\u00e7a","Intelig\u00eancia Artificial","Redata","Soberania Digital","Sustentabilidade"],"articleSection":["Atualidades","Desenvolvimento","Economia","Geopol\u00edtica","Gest\u00e3o","Gest\u00e3o de Dados","IA","Inova\u00e7\u00e3o","Log\u00edstica","Startups","Tecnologia","Todos"],"inLanguage":"pt-BR","potentialAction":[{"@type":"CommentAction","name":"Comment","target":["https:\/\/akillibrasil.com\/blog\/data-centers-brasil-extrativismo-digital\/#respond"]}]},{"@type":"WebPage","@id":"https:\/\/akillibrasil.com\/blog\/data-centers-brasil-extrativismo-digital\/","url":"https:\/\/akillibrasil.com\/blog\/data-centers-brasil-extrativismo-digital\/","name":"Data centers Brasil - progresso ou extrativismo digital?","isPartOf":{"@id":"https:\/\/akillibrasil.com\/blog\/#website"},"primaryImageOfPage":{"@id":"https:\/\/akillibrasil.com\/blog\/data-centers-brasil-extrativismo-digital\/#primaryimage"},"image":{"@id":"https:\/\/akillibrasil.com\/blog\/data-centers-brasil-extrativismo-digital\/#primaryimage"},"thumbnailUrl":"https:\/\/akillibrasil.com\/blog\/wp-content\/uploads\/2026\/09\/data-centers-brasil.png","datePublished":"2026-09-02T17:53:36+00:00","dateModified":"2026-09-02T17:58:58+00:00","description":"Redata incentiva data centers no Brasil. Entenda os ganhos poss\u00edveis, os riscos socioambientais e por que a sociedade precisa fiscalizar.","breadcrumb":{"@id":"https:\/\/akillibrasil.com\/blog\/data-centers-brasil-extrativismo-digital\/#breadcrumb"},"inLanguage":"pt-BR","potentialAction":[{"@type":"ReadAction","target":["https:\/\/akillibrasil.com\/blog\/data-centers-brasil-extrativismo-digital\/"]}]},{"@type":"ImageObject","inLanguage":"pt-BR","@id":"https:\/\/akillibrasil.com\/blog\/data-centers-brasil-extrativismo-digital\/#primaryimage","url":"https:\/\/akillibrasil.com\/blog\/wp-content\/uploads\/2026\/09\/data-centers-brasil.png","contentUrl":"https:\/\/akillibrasil.com\/blog\/wp-content\/uploads\/2026\/09\/data-centers-brasil.png","width":1448,"height":1086,"caption":"data centers brasil"},{"@type":"BreadcrumbList","@id":"https:\/\/akillibrasil.com\/blog\/data-centers-brasil-extrativismo-digital\/#breadcrumb","itemListElement":[{"@type":"ListItem","position":1,"name":"In\u00edcio","item":"https:\/\/akillibrasil.com\/blog\/"},{"@type":"ListItem","position":2,"name":"Data centers no Brasil: progresso ou extrativismo digital?"}]},{"@type":"WebSite","@id":"https:\/\/akillibrasil.com\/blog\/#website","url":"https:\/\/akillibrasil.com\/blog\/","name":"Akilli Blog","description":"Informa\u00e7\u00e3o para voc\u00ea formar sua opini\u00e3o.","publisher":{"@id":"https:\/\/akillibrasil.com\/blog\/#organization"},"potentialAction":[{"@type":"SearchAction","target":{"@type":"EntryPoint","urlTemplate":"https:\/\/akillibrasil.com\/blog\/?s={search_term_string}"},"query-input":{"@type":"PropertyValueSpecification","valueRequired":true,"valueName":"search_term_string"}}],"inLanguage":"pt-BR"},{"@type":"Organization","@id":"https:\/\/akillibrasil.com\/blog\/#organization","name":"Akilli Brasil Ltda.","url":"https:\/\/akillibrasil.com\/blog\/","logo":{"@type":"ImageObject","inLanguage":"pt-BR","@id":"https:\/\/akillibrasil.com\/blog\/#\/schema\/logo\/image\/","url":"https:\/\/akillibrasil.com\/blog\/wp-content\/uploads\/2024\/10\/cropped-Logotipo-final-2.png","contentUrl":"https:\/\/akillibrasil.com\/blog\/wp-content\/uploads\/2024\/10\/cropped-Logotipo-final-2.png","width":1998,"height":667,"caption":"Akilli Brasil Ltda."},"image":{"@id":"https:\/\/akillibrasil.com\/blog\/#\/schema\/logo\/image\/"},"sameAs":["https:\/\/facebook.com\/akillibrasil","https:\/\/x.com\/akillibrasil","https:\/\/instagram.com\/akillibrasil","https:\/\/linkedin.com\/company\/akilli-brasil"]},{"@type":"Person","@id":"https:\/\/akillibrasil.com\/blog\/#\/schema\/person\/8faa1e5a2100da58e3a8a9d4b63c03b5","name":"Erik Lima","pronouns":"ele\/dele","image":{"@type":"ImageObject","inLanguage":"pt-BR","@id":"https:\/\/secure.gravatar.com\/avatar\/f55bafb5612ba885d8d87b925ce5d0f292e1680d2328d563780aad99dcb36272?s=96&d=mm&r=g","url":"https:\/\/secure.gravatar.com\/avatar\/f55bafb5612ba885d8d87b925ce5d0f292e1680d2328d563780aad99dcb36272?s=96&d=mm&r=g","contentUrl":"https:\/\/secure.gravatar.com\/avatar\/f55bafb5612ba885d8d87b925ce5d0f292e1680d2328d563780aad99dcb36272?s=96&d=mm&r=g","caption":"Erik Lima"},"description":"Ao longo dos \u00faltimos anos, venho desenvolvendo solu\u00e7\u00f5es criativas e inovadoras na interse\u00e7\u00e3o entre comunica\u00e7\u00e3o, cultura, tecnologia e entretenimento. Sou fundador da Akilli Brasil, uma \u201cempresa que cria\u201d \u2014 marcas, conte\u00fados, sistemas, produtos digitais, programas de m\u00eddia e plataformas que conectam ideias a opera\u00e7\u00e3o.","sameAs":["https:\/\/instagram.com\/erik.kiron","https:\/\/facebook.com\/kirondelima","https:\/\/linkedin.com\/in\/erikklima","https:\/\/x.com\/erikkiron"],"url":"https:\/\/akillibrasil.com\/blog\/author\/erikklima\/"}]}},"jetpack_publicize_connections":[],"jetpack_sharing_enabled":true,"jetpack_featured_media_url":"https:\/\/akillibrasil.com\/blog\/wp-content\/uploads\/2026\/09\/data-centers-brasil.png","_links":{"self":[{"href":"https:\/\/akillibrasil.com\/blog\/wp-json\/wp\/v2\/posts\/4069","targetHints":{"allow":["GET"]}}],"collection":[{"href":"https:\/\/akillibrasil.com\/blog\/wp-json\/wp\/v2\/posts"}],"about":[{"href":"https:\/\/akillibrasil.com\/blog\/wp-json\/wp\/v2\/types\/post"}],"author":[{"embeddable":true,"href":"https:\/\/akillibrasil.com\/blog\/wp-json\/wp\/v2\/users\/2"}],"replies":[{"embeddable":true,"href":"https:\/\/akillibrasil.com\/blog\/wp-json\/wp\/v2\/comments?post=4069"}],"version-history":[{"count":1,"href":"https:\/\/akillibrasil.com\/blog\/wp-json\/wp\/v2\/posts\/4069\/revisions"}],"predecessor-version":[{"id":4071,"href":"https:\/\/akillibrasil.com\/blog\/wp-json\/wp\/v2\/posts\/4069\/revisions\/4071"}],"wp:featuredmedia":[{"embeddable":true,"href":"https:\/\/akillibrasil.com\/blog\/wp-json\/wp\/v2\/media\/4070"}],"wp:attachment":[{"href":"https:\/\/akillibrasil.com\/blog\/wp-json\/wp\/v2\/media?parent=4069"}],"wp:term":[{"taxonomy":"category","embeddable":true,"href":"https:\/\/akillibrasil.com\/blog\/wp-json\/wp\/v2\/categories?post=4069"},{"taxonomy":"post_tag","embeddable":true,"href":"https:\/\/akillibrasil.com\/blog\/wp-json\/wp\/v2\/tags?post=4069"}],"curies":[{"name":"wp","href":"https:\/\/api.w.org\/{rel}","templated":true}]}}