{"id":4056,"date":"2026-08-30T15:31:42","date_gmt":"2026-08-30T15:31:42","guid":{"rendered":"https:\/\/akillibrasil.com\/blog\/?p=4056"},"modified":"2026-08-30T15:34:33","modified_gmt":"2026-08-30T15:34:33","slug":"quarto-mandato-lula-ate-2030","status":"publish","type":"post","link":"https:\/\/akillibrasil.com\/blog\/quarto-mandato-lula-ate-2030\/","title":{"rendered":"O que o futuro reserva para um poss\u00edvel 4\u00ba mandato do Lula?"},"content":{"rendered":"\n<p class=\"wp-block-paragraph\">Luiz In\u00e1cio Lula da Silva disputa a elei\u00e7\u00e3o de 2026 em uma situa\u00e7\u00e3o incomum: o eleitor n\u00e3o precisa avali\u00e1-lo apenas pelo que promete. Depois de tr\u00eas passagens pela Presid\u00eancia, existe hist\u00f3rico suficiente para analisar o que um eventual <strong>quarto mandato de Lula<\/strong> provavelmente conseguiria executar \u2014 e onde a realidade pode ser bem menos cooperativa que o programa eleitoral.<\/p>\n\n\n\n<p class=\"wp-block-paragraph\">Isso torna a elei\u00e7\u00e3o intelectualmente mais interessante.<\/p>\n\n\n\n<p class=\"wp-block-paragraph\">A quest\u00e3o deixa de ser apenas \u201cLula tem um bom plano?\u201d e passa a ser: <strong>o que acontece quando colocamos esse plano diante da economia que ele poder\u00e1 receber em janeiro de 2027, do Congresso que ter\u00e1 de negociar, da situa\u00e7\u00e3o fiscal brasileira, do ambiente internacional e da pr\u00f3pria capacidade de execu\u00e7\u00e3o demonstrada em seus governos anteriores?<\/strong><\/p>\n\n\n\n<p class=\"wp-block-paragraph\">O detalhe que pouca gente percebe \u00e9 que algumas das principais promessas de Lula s\u00e3o relativamente previs\u00edveis porque utilizam estruturas que j\u00e1 existem. Outras, por\u00e9m, dependem de algo muito mais dif\u00edcil: aumentar produtividade, controlar d\u00edvida, produzir crescimento econ\u00f4mico e coordenar dezenas de atores que o presidente n\u00e3o controla diretamente.<\/p>\n\n\n\n<p class=\"wp-block-paragraph\">\u00c9 essa diferen\u00e7a que separa promessa de execu\u00e7\u00e3o.<\/p>\n\n\n\n<blockquote class=\"wp-block-quote is-layout-flow wp-block-quote-is-layout-flow\">\n<p class=\"wp-block-paragraph\"><strong>Defini\u00e7\u00e3o curta:<\/strong> um poss\u00edvel quarto governo Lula tende a ser um projeto de continuidade e expans\u00e3o das pol\u00edticas iniciadas entre 2023 e 2026. Seu maior desafio n\u00e3o dever\u00e1 ser criar programas, mas financiar, coordenar e transformar esses programas em crescimento sustent\u00e1vel e produtividade.<\/p>\n<\/blockquote>\n\n\n\n<h2 class=\"wp-block-heading\">O que estamos projetando \u2014 e como funciona essa an\u00e1lise?<\/h2>\n\n\n\n<p class=\"wp-block-paragraph\">N\u00e3o estamos tentando adivinhar 2030.<\/p>\n\n\n\n<p class=\"wp-block-paragraph\">Estamos fazendo uma an\u00e1lise de risco.<\/p>\n\n\n\n<p class=\"wp-block-paragraph\">O programa apresentado pela chapa Lula\u2013Alckmin ao Tribunal Superior Eleitoral possui 84 p\u00e1ginas e est\u00e1 organizado em 13 grandes diretrizes. O documento assume explicitamente a continuidade das pol\u00edticas do mandato atual e inclui temas como redu\u00e7\u00e3o das desigualdades, seguran\u00e7a p\u00fablica, educa\u00e7\u00e3o, sa\u00fade, economia produtiva e digital, transi\u00e7\u00e3o energ\u00e9tica, valoriza\u00e7\u00e3o do trabalho e soberania.<\/p>\n\n\n\n<p class=\"wp-block-paragraph\">Portanto, a metodologia mais \u00fatil \u00e9 comparar quatro coisas:<\/p>\n\n\n\n<ol class=\"wp-block-list\">\n<li>o que Lula promete;<\/li>\n\n\n\n<li>o que seus governos historicamente demonstraram capacidade de entregar;<\/li>\n\n\n\n<li>quais condi\u00e7\u00f5es econ\u00f4micas existir\u00e3o em 2027;<\/li>\n\n\n\n<li>quais resultados dependem de outros atores al\u00e9m do governo federal.<\/li>\n<\/ol>\n\n\n\n<p class=\"wp-block-paragraph\">Essa separa\u00e7\u00e3o \u00e9 importante.<\/p>\n\n\n\n<p class=\"wp-block-paragraph\">Presidente pode criar programa.<\/p>\n\n\n\n<p class=\"wp-block-paragraph\">N\u00e3o pode decretar produtividade.<\/p>\n\n\n\n<p class=\"wp-block-paragraph\">Pode financiar educa\u00e7\u00e3o.<\/p>\n\n\n\n<p class=\"wp-block-paragraph\">N\u00e3o administra sozinho milhares de escolas estaduais e municipais.<\/p>\n\n\n\n<p class=\"wp-block-paragraph\">Pode liderar uma reforma de seguran\u00e7a.<\/p>\n\n\n\n<p class=\"wp-block-paragraph\">N\u00e3o comanda diretamente as pol\u00edcias dos 26 estados e do Distrito Federal.<\/p>\n\n\n\n<p class=\"wp-block-paragraph\">Pode ampliar investimento p\u00fablico.<\/p>\n\n\n\n<p class=\"wp-block-paragraph\">N\u00e3o controla sozinho juros internacionais, guerras, petr\u00f3leo ou decis\u00f5es de investimento privado.<\/p>\n\n\n\n<p class=\"wp-block-paragraph\">Essa \u00e9 a diferen\u00e7a entre pol\u00edtica p\u00fablica e PowerPoint com faixa presidencial.<\/p>\n\n\n\n<h2 class=\"wp-block-heading\">O que pode definir um quarto mandato de Lula?<\/h2>\n\n\n\n<p class=\"wp-block-paragraph\">A resposta mais prov\u00e1vel \u00e9: <strong>continuidade social, tentativa de acelerar investimento e uma batalha permanente em torno do espa\u00e7o fiscal<\/strong>.<\/p>\n\n\n\n<p class=\"wp-block-paragraph\">O terceiro mandato criou uma linha de base econ\u00f4mica consideravelmente melhor do que alguns cen\u00e1rios projetavam em 2022.<\/p>\n\n\n\n<p class=\"wp-block-paragraph\">O PIB brasileiro cresceu 3,2% em 2023, 3,4% em 2024 e 2,3% em 2025. No primeiro trimestre de 2026, avan\u00e7ou 1,1% em rela\u00e7\u00e3o ao trimestre anterior e 1,8% contra o mesmo per\u00edodo de 2025. No acumulado de quatro trimestres, o crescimento estava em 2%.<\/p>\n\n\n\n<p class=\"wp-block-paragraph\">Esse desempenho n\u00e3o configura um boom.<\/p>\n\n\n\n<p class=\"wp-block-paragraph\">Por outro lado, tampouco caracteriza uma economia parada.<\/p>\n\n\n\n<p class=\"wp-block-paragraph\"><strong>Fato:<\/strong> a economia chegou a 2026 crescendo.<\/p>\n\n\n\n<p class=\"wp-block-paragraph\"><strong>Interpreta\u00e7\u00e3o Akilli:<\/strong> o problema para 2027 ser\u00e1 transformar uma economia que consegue crescer perto de 2% a 3% em uma economia capaz de sustentar investimentos maiores sem deteriorar suas contas p\u00fablicas.<\/p>\n\n\n\n<p class=\"wp-block-paragraph\">Esse segundo salto \u00e9 muito mais dif\u00edcil.<\/p>\n\n\n\n<h2 class=\"wp-block-heading\">A economia pode acelerar entre 2027 e 2030?<\/h2>\n\n\n\n<p class=\"wp-block-paragraph\">Pode. Mas esse provavelmente ser\u00e1 o principal teste do governo.<\/p>\n\n\n\n<p class=\"wp-block-paragraph\">O Fundo Monet\u00e1rio Internacional projeta crescimento brasileiro de 2,4% em 2026 e aproximadamente 2,5% no m\u00e9dio prazo. O FMI associa parte dessa capacidade \u00e0 reforma tribut\u00e1ria sobre consumo, \u00e0 normaliza\u00e7\u00e3o futura da pol\u00edtica monet\u00e1ria e \u00e0 expans\u00e3o da produ\u00e7\u00e3o de hidrocarbonetos.<\/p>\n\n\n\n<p class=\"wp-block-paragraph\">Isso cria um cen\u00e1rio-base razoavelmente claro.<\/p>\n\n\n\n<p class=\"wp-block-paragraph\">Sem uma grande ruptura internacional, o Brasil entra no pr\u00f3ximo mandato com capacidade de crescer.<\/p>\n\n\n\n<p class=\"wp-block-paragraph\">Entretanto, para crescer substancialmente mais ser\u00e1 necess\u00e1rio elevar investimento e produtividade.<\/p>\n\n\n\n<p class=\"wp-block-paragraph\">Em 2025, a taxa de investimento brasileira ficou em apenas 16,8% do PIB. No primeiro trimestre de 2026 estava em 16,5%.<\/p>\n\n\n\n<p class=\"wp-block-paragraph\">\u00c9 pouco para uma economia que pretende simultaneamente:<\/p>\n\n\n\n<ul class=\"wp-block-list\">\n<li>ampliar infraestrutura;<\/li>\n\n\n\n<li>reindustrializar;<\/li>\n\n\n\n<li>digitalizar empresas;<\/li>\n\n\n\n<li>expandir produ\u00e7\u00e3o energ\u00e9tica;<\/li>\n\n\n\n<li>financiar transi\u00e7\u00e3o clim\u00e1tica;<\/li>\n\n\n\n<li>criar empregos mais produtivos;<\/li>\n\n\n\n<li>aumentar renda;<\/li>\n\n\n\n<li>competir nas novas cadeias globais.<\/li>\n<\/ul>\n\n\n\n<p class=\"wp-block-paragraph\">O problema n\u00e3o \u00e9 falta de ambi\u00e7\u00e3o.<\/p>\n\n\n\n<p class=\"wp-block-paragraph\">\u00c9 capacidade de financiamento e execu\u00e7\u00e3o.<\/p>\n\n\n\n<h3 class=\"wp-block-heading\">O mundo ajudar\u00e1 ou atrapalhar\u00e1?<\/h3>\n\n\n\n<p class=\"wp-block-paragraph\">Provavelmente far\u00e1 os dois.<\/p>\n\n\n\n<p class=\"wp-block-paragraph\">O FMI projeta crescimento mundial de 3% em 2026 e 3,4% em 2027. Ao mesmo tempo, descreve um ambiente marcado por choques geopol\u00edticos e por uma corrida de investimentos relacionada \u00e0 intelig\u00eancia artificial.<\/p>\n\n\n\n<p class=\"wp-block-paragraph\">Isso \u00e9 especialmente relevante para o Brasil.<\/p>\n\n\n\n<p class=\"wp-block-paragraph\">O pa\u00eds possui energia relativamente limpa, petr\u00f3leo, minerais cr\u00edticos, agroneg\u00f3cio, grande mercado consumidor e potencial para data centers e novas cadeias industriais.<\/p>\n\n\n\n<p class=\"wp-block-paragraph\">A oportunidade existe.<\/p>\n\n\n\n<p class=\"wp-block-paragraph\">Inclusive j\u00e1 analisamos no Akilli Blog por que energia e estabilidade relativa colocam o pa\u00eds novamente no radar do capital internacional.<\/p>\n\n\n\n<p class=\"wp-block-paragraph\">Mas existe uma diferen\u00e7a enorme entre possuir recursos e capturar valor.<\/p>\n\n\n\n<p class=\"wp-block-paragraph\">Exportar min\u00e9rio \u00e9 uma coisa.<\/p>\n\n\n\n<p class=\"wp-block-paragraph\">Produzir tecnologia, propriedade intelectual, equipamentos, software, ci\u00eancia e produtos industriais usando esse min\u00e9rio \u00e9 outra.<\/p>\n\n\n\n<p class=\"wp-block-paragraph\">\u00c9 nesse segundo est\u00e1gio que um novo governo ter\u00e1 de provar capacidade.<\/p>\n\n\n\n<blockquote class=\"wp-block-quote is-layout-flow wp-block-quote-is-layout-flow\">\n<p class=\"wp-block-paragraph\"><strong>Frase de impacto:<\/strong> o pr\u00f3ximo ciclo brasileiro n\u00e3o ser\u00e1 decidido por quem possui mais recursos naturais, mas por quem consegue transformar recursos em produtividade.<\/p>\n<\/blockquote>\n\n\n\n<h2 class=\"wp-block-heading\">O emprego continuar\u00e1 forte?<\/h2>\n\n\n\n<p class=\"wp-block-paragraph\">Esse \u00e9 atualmente um dos ativos mais relevantes do cen\u00e1rio econ\u00f4mico.<\/p>\n\n\n\n<p class=\"wp-block-paragraph\">No trimestre encerrado em julho de 2026, a taxa de desemprego brasileira ficou em 5,3%. O pa\u00eds tinha 103,3 milh\u00f5es de pessoas ocupadas, o maior n\u00famero da s\u00e9rie iniciada em 2012.<\/p>\n\n\n\n<p class=\"wp-block-paragraph\">Al\u00e9m disso, a RAIS contabilizou 59.970.945 v\u00ednculos formais em 2025, crescimento de aproximadamente 2,84 milh\u00f5es sobre 2024.<\/p>\n\n\n\n<p class=\"wp-block-paragraph\">S\u00e3o indicadores fortes.<\/p>\n\n\n\n<p class=\"wp-block-paragraph\">Entretanto, existe um aspecto menos confort\u00e1vel.<\/p>\n\n\n\n<p class=\"wp-block-paragraph\">Parte importante das novas ocupa\u00e7\u00f5es continua aparecendo na informalidade. Portanto, taxa baixa de desemprego n\u00e3o significa automaticamente mercado de trabalho de alta produtividade.<\/p>\n\n\n\n<p class=\"wp-block-paragraph\">Esse ser\u00e1 um dos desafios de 2027\u20132030.<\/p>\n\n\n\n<h3 class=\"wp-block-heading\">O fim da escala 6&#215;1 pode mudar o mercado?<\/h3>\n\n\n\n<p class=\"wp-block-paragraph\">Essa \u00e9 uma das propostas com maior visibilidade eleitoral.<\/p>\n\n\n\n<p class=\"wp-block-paragraph\">O governo enviou ao Congresso uma proposta para reduzir a jornada m\u00e1xima para 40 horas semanais e garantir dois dias de descanso. A pauta avan\u00e7ou durante 2026 e atualmente depende da conclus\u00e3o do processo legislativo.<\/p>\n\n\n\n<p class=\"wp-block-paragraph\">Se aprovada, a mudan\u00e7a pode gerar ganhos de qualidade de vida.<\/p>\n\n\n\n<p class=\"wp-block-paragraph\">Por outro lado, setores intensivos em m\u00e3o de obra poder\u00e3o enfrentar aumento de custos ou precisar reorganizar escalas, automa\u00e7\u00e3o e produtividade.<\/p>\n\n\n\n<p class=\"wp-block-paragraph\">Esse \u00e9 exatamente o tipo de decis\u00e3o p\u00fablica que n\u00e3o deveria ser analisada apenas pelo benef\u00edcio ou apenas pelo custo.<\/p>\n\n\n\n<p class=\"wp-block-paragraph\">O desenho precisa equilibrar os dois.<\/p>\n\n\n\n<p class=\"wp-block-paragraph\"><strong>Problema:<\/strong> jornadas excessivas afetam sa\u00fade, vida familiar e qualidade de vida.<\/p>\n\n\n\n<p class=\"wp-block-paragraph\"><strong>Contexto:<\/strong> milh\u00f5es de empresas trabalham com modelos operacionais constru\u00eddos sobre jornadas longas.<\/p>\n\n\n\n<p class=\"wp-block-paragraph\"><strong>Possibilidade:<\/strong> reorganiza\u00e7\u00e3o de processos, tecnologia e produtividade pode compensar parte do impacto.<\/p>\n\n\n\n<p class=\"wp-block-paragraph\"><strong>A\u00e7\u00e3o:<\/strong> transi\u00e7\u00e3o previs\u00edvel, di\u00e1logo setorial e m\u00e9tricas de emprego, sal\u00e1rio e produtividade.<\/p>\n\n\n\n<p class=\"wp-block-paragraph\">Esse \u00e9 o tipo de governan\u00e7a que transforma uma boa inten\u00e7\u00e3o em pol\u00edtica sustent\u00e1vel.<\/p>\n\n\n\n<h2 class=\"wp-block-heading\">As pol\u00edticas sociais devem continuar produzindo resultado?<\/h2>\n\n\n\n<p class=\"wp-block-paragraph\">Aqui a previsibilidade \u00e9 maior.<\/p>\n\n\n\n<p class=\"wp-block-paragraph\">Entre 2023 e 2024, a propor\u00e7\u00e3o de domic\u00edlios brasileiros vivendo algum n\u00edvel de inseguran\u00e7a alimentar caiu de 27,6% para 24,2%.<\/p>\n\n\n\n<p class=\"wp-block-paragraph\">A inseguran\u00e7a alimentar grave recuou de 4,1% para 3,2%.<\/p>\n\n\n\n<p class=\"wp-block-paragraph\">A pobreza monet\u00e1ria tamb\u00e9m caiu. Em 2024, 23,1% da popula\u00e7\u00e3o estava abaixo da linha de pobreza utilizada pelo IBGE, enquanto 3,5% estavam em extrema pobreza. Segundo o instituto, sem benef\u00edcios sociais esses percentuais seriam significativamente maiores.<\/p>\n\n\n\n<p class=\"wp-block-paragraph\">Esse padr\u00e3o tem forte ader\u00eancia ao hist\u00f3rico dos governos Lula.<\/p>\n\n\n\n<p class=\"wp-block-paragraph\">Transfer\u00eancia de renda, valoriza\u00e7\u00e3o salarial, alimenta\u00e7\u00e3o, emprego e prote\u00e7\u00e3o social s\u00e3o \u00e1reas nas quais o governo federal possui instrumentos concretos e experi\u00eancia administrativa acumulada.<\/p>\n\n\n\n<p class=\"wp-block-paragraph\">Por isso, nossa leitura \u00e9 de alta capacidade de execu\u00e7\u00e3o nessa agenda.<\/p>\n\n\n\n<p class=\"wp-block-paragraph\">N\u00e3o significa que a pobreza desaparecer\u00e1.<\/p>\n\n\n\n<p class=\"wp-block-paragraph\">Significa que o governo j\u00e1 possui m\u00e1quina p\u00fablica, instrumentos financeiros, programas e know-how operacional para atuar sobre ela.<\/p>\n\n\n\n<h3 class=\"wp-block-heading\">Qual \u00e9 o risco?<\/h3>\n\n\n\n<p class=\"wp-block-paragraph\">O or\u00e7amento.<\/p>\n\n\n\n<p class=\"wp-block-paragraph\">Pol\u00edtica social sustent\u00e1vel depende de capacidade fiscal sustent\u00e1vel.<\/p>\n\n\n\n<p class=\"wp-block-paragraph\">Quanto mais r\u00edgido o or\u00e7amento se torna, maior \u00e9 a disputa entre Previd\u00eancia, sa\u00fade, educa\u00e7\u00e3o, investimentos, emendas parlamentares, funcionalismo, defesa, programas sociais e pagamento de juros.<\/p>\n\n\n\n<p class=\"wp-block-paragraph\">Esse \u00e9 o ponto em que o social encontra a macroeconomia.<\/p>\n\n\n\n<p class=\"wp-block-paragraph\">E nenhuma narrativa eleitoral consegue terceirizar a matem\u00e1tica.<\/p>\n\n\n\n<h2 class=\"wp-block-heading\">A educa\u00e7\u00e3o pode dar um novo salto?<\/h2>\n\n\n\n<p class=\"wp-block-paragraph\">H\u00e1 sinais positivos.<\/p>\n\n\n\n<p class=\"wp-block-paragraph\">Entre 2023 e 2025, o Ideb nacional passou de 6,0 para 6,3 nos anos iniciais do ensino fundamental, de 5,0 para 5,3 nos anos finais e de 4,3 para 4,5 no ensino m\u00e9dio.<\/p>\n\n\n\n<p class=\"wp-block-paragraph\">Foram os melhores resultados da s\u00e9rie hist\u00f3rica iniciada em 2005.<\/p>\n\n\n\n<p class=\"wp-block-paragraph\">Al\u00e9m disso, o Saeb de 2025 mostrou avan\u00e7o em l\u00edngua portuguesa e matem\u00e1tica.<\/p>\n\n\n\n<p class=\"wp-block-paragraph\">Isso indica recupera\u00e7\u00e3o.<\/p>\n\n\n\n<p class=\"wp-block-paragraph\">N\u00e3o significa que o problema educacional brasileiro esteja resolvido.<\/p>\n\n\n\n<p class=\"wp-block-paragraph\">Os resultados do ensino m\u00e9dio ainda mostram enorme dist\u00e2ncia entre o acesso \u00e0 escola e a aprendizagem desej\u00e1vel.<\/p>\n\n\n\n<p class=\"wp-block-paragraph\">Esse ser\u00e1 um dos territ\u00f3rios em que a l\u00f3gica de ecossistema far\u00e1 toda diferen\u00e7a.<\/p>\n\n\n\n<p class=\"wp-block-paragraph\">Uni\u00e3o, estados, munic\u00edpios, escolas, universidades, fam\u00edlias, empresas de tecnologia educacional e organiza\u00e7\u00f5es sociais precisar\u00e3o operar coordenadamente.<\/p>\n\n\n\n<p class=\"wp-block-paragraph\">Bras\u00edlia pode financiar.<\/p>\n\n\n\n<p class=\"wp-block-paragraph\">Mas aprendizagem acontece na sala de aula.<\/p>\n\n\n\n<h3 class=\"wp-block-heading\">O que deveria ser acompanhado?<\/h3>\n\n\n\n<p class=\"wp-block-paragraph\">Mais do que n\u00famero de escolas ou matr\u00edculas, cinco indicadores importam:<\/p>\n\n\n\n<ul class=\"wp-block-list\">\n<li>alfabetiza\u00e7\u00e3o na idade correta;<\/li>\n\n\n\n<li>aprendizagem medida pelo Saeb;<\/li>\n\n\n\n<li>evas\u00e3o escolar;<\/li>\n\n\n\n<li>conclus\u00e3o do ensino m\u00e9dio;<\/li>\n\n\n\n<li>conex\u00e3o entre forma\u00e7\u00e3o t\u00e9cnica, universidade e mercado produtivo.<\/li>\n<\/ul>\n\n\n\n<p class=\"wp-block-paragraph\">Esse \u00faltimo indicador \u00e9 particularmente importante.<\/p>\n\n\n\n<p class=\"wp-block-paragraph\">O Brasil j\u00e1 demonstrou capacidade de ampliar acesso educacional.<\/p>\n\n\n\n<p class=\"wp-block-paragraph\">O pr\u00f3ximo passo \u00e9 conectar educa\u00e7\u00e3o a ci\u00eancia, inova\u00e7\u00e3o e produtividade.<\/p>\n\n\n\n<h2 class=\"wp-block-heading\">A seguran\u00e7a p\u00fablica pode melhorar?<\/h2>\n\n\n\n<p class=\"wp-block-paragraph\">\u00c9 poss\u00edvel, mas aqui a capacidade presidencial \u00e9 menos direta.<\/p>\n\n\n\n<p class=\"wp-block-paragraph\">O Brasil registrou 40.775 mortes violentas intencionais em 2025.<\/p>\n\n\n\n<p class=\"wp-block-paragraph\">A taxa foi de 19,1 por 100 mil habitantes, queda de 8,2% frente ao ano anterior e o menor n\u00edvel da s\u00e9rie do F\u00f3rum Brasileiro de Seguran\u00e7a P\u00fablica iniciada em 2012.<\/p>\n\n\n\n<p class=\"wp-block-paragraph\">\u00c9 uma boa not\u00edcia.<\/p>\n\n\n\n<p class=\"wp-block-paragraph\">Contudo, a tend\u00eancia de redu\u00e7\u00e3o come\u00e7ou antes do atual governo.<\/p>\n\n\n\n<p class=\"wp-block-paragraph\">Al\u00e9m disso, feminic\u00eddios, viol\u00eancia dom\u00e9stica e mortes decorrentes de interven\u00e7\u00e3o policial continuam sendo problemas relevantes.<\/p>\n\n\n\n<p class=\"wp-block-paragraph\">Portanto, atribuir toda melhora ao presidente seria incorreto.<\/p>\n\n\n\n<p class=\"wp-block-paragraph\">Do mesmo modo, ignorar pol\u00edticas federais de intelig\u00eancia, fronteira, financiamento, controle de armas, combate \u00e0s organiza\u00e7\u00f5es criminosas e integra\u00e7\u00e3o policial tamb\u00e9m seria simplista.<\/p>\n\n\n\n<p class=\"wp-block-paragraph\">O programa de 2026 coloca seguran\u00e7a integrada entre suas diretrizes. A proposta de reorganiza\u00e7\u00e3o federal da \u00e1rea e a PEC da Seguran\u00e7a ampliam a tentativa de coordena\u00e7\u00e3o nacional.<\/p>\n\n\n\n<h3 class=\"wp-block-heading\">Qual \u00e9 o problema de execu\u00e7\u00e3o?<\/h3>\n\n\n\n<p class=\"wp-block-paragraph\">Federalismo.<\/p>\n\n\n\n<p class=\"wp-block-paragraph\">Pol\u00edcia Civil \u00e9 estadual.<\/p>\n\n\n\n<p class=\"wp-block-paragraph\">Pol\u00edcia Militar \u00e9 estadual.<\/p>\n\n\n\n<p class=\"wp-block-paragraph\">Grande parte do sistema prisional \u00e9 estadual.<\/p>\n\n\n\n<p class=\"wp-block-paragraph\">Prefeituras possuem guardas municipais e pol\u00edticas territoriais.<\/p>\n\n\n\n<p class=\"wp-block-paragraph\">O Judici\u00e1rio e o Minist\u00e9rio P\u00fablico possuem autonomia.<\/p>\n\n\n\n<p class=\"wp-block-paragraph\">Uma fac\u00e7\u00e3o criminosa pode operar simultaneamente em v\u00e1rios estados e pa\u00edses.<\/p>\n\n\n\n<p class=\"wp-block-paragraph\">Portanto, seguran\u00e7a exige governan\u00e7a de ecossistema.<\/p>\n\n\n\n<p class=\"wp-block-paragraph\">N\u00e3o basta criar um minist\u00e9rio.<\/p>\n\n\n\n<p class=\"wp-block-paragraph\">\u00c9 preciso conectar intelig\u00eancia, dados, investiga\u00e7\u00e3o financeira, fronteiras, policiamento, Justi\u00e7a, sistema prisional e preven\u00e7\u00e3o.<\/p>\n\n\n\n<p class=\"wp-block-paragraph\">Essa \u00e9 provavelmente uma das \u00e1reas em que um novo governo ter\u00e1 mais dificuldade para converter estrutura institucional em resultado percept\u00edvel no cotidiano.<\/p>\n\n\n\n<h2 class=\"wp-block-heading\">Quais riscos cercam um quarto mandato de Lula?<\/h2>\n\n\n\n<p class=\"wp-block-paragraph\">O principal deles \u00e9 fiscal.<\/p>\n\n\n\n<p class=\"wp-block-paragraph\">Em junho de 2026, a d\u00edvida bruta do Governo Geral chegou a 81,9% do PIB, aproximadamente R$ 10,8 trilh\u00f5es.<\/p>\n\n\n\n<p class=\"wp-block-paragraph\">O d\u00e9ficit nominal acumulado em 12 meses estava em 9,99% do PIB.<\/p>\n\n\n\n<p class=\"wp-block-paragraph\">O FMI recomenda um esfor\u00e7o fiscal mais ambicioso para colocar a d\u00edvida em trajet\u00f3ria descendente e abrir espa\u00e7o para investimentos priorit\u00e1rios.<\/p>\n\n\n\n<p class=\"wp-block-paragraph\">Aqui aparece a principal contradi\u00e7\u00e3o operacional do pr\u00f3ximo mandato.<\/p>\n\n\n\n<p class=\"wp-block-paragraph\">O governo deseja:<\/p>\n\n\n\n<ul class=\"wp-block-list\">\n<li>investir mais;<\/li>\n\n\n\n<li>preservar programas sociais;<\/li>\n\n\n\n<li>ampliar educa\u00e7\u00e3o;<\/li>\n\n\n\n<li>financiar infraestrutura;<\/li>\n\n\n\n<li>incentivar ind\u00fastria;<\/li>\n\n\n\n<li>financiar transi\u00e7\u00e3o energ\u00e9tica;<\/li>\n\n\n\n<li>melhorar seguran\u00e7a;<\/li>\n\n\n\n<li>aumentar renda;<\/li>\n\n\n\n<li>reduzir d\u00edvida.<\/li>\n<\/ul>\n\n\n\n<p class=\"wp-block-paragraph\">Todos esses objetivos podem ser leg\u00edtimos.<\/p>\n\n\n\n<p class=\"wp-block-paragraph\">Mas precisam caber na mesma planilha.<\/p>\n\n\n\n<p class=\"wp-block-paragraph\">E a planilha n\u00e3o vota.<\/p>\n\n\n\n<h3 class=\"wp-block-heading\">Existe sa\u00edda?<\/h3>\n\n\n\n<p class=\"wp-block-paragraph\">Existe.<\/p>\n\n\n\n<p class=\"wp-block-paragraph\">Ela passa principalmente por produtividade.<\/p>\n\n\n\n<p class=\"wp-block-paragraph\">Uma economia que cresce mais gera mais receita sem exigir aumento equivalente de al\u00edquotas.<\/p>\n\n\n\n<p class=\"wp-block-paragraph\">Uma economia mais formal arrecada mais.<\/p>\n\n\n\n<p class=\"wp-block-paragraph\">Infraestrutura eficiente reduz custos.<\/p>\n\n\n\n<p class=\"wp-block-paragraph\">Reforma tribut\u00e1ria pode reduzir distor\u00e7\u00f5es.<\/p>\n\n\n\n<p class=\"wp-block-paragraph\">Digitaliza\u00e7\u00e3o aumenta produtividade.<\/p>\n\n\n\n<p class=\"wp-block-paragraph\">Revis\u00e3o de gastos tribut\u00e1rios pode abrir espa\u00e7o fiscal.<\/p>\n\n\n\n<p class=\"wp-block-paragraph\">Investimento privado pode complementar investimento p\u00fablico.<\/p>\n\n\n\n<p class=\"wp-block-paragraph\">Novas cadeias de energia, IA, minerais cr\u00edticos e bioeconomia podem aumentar exporta\u00e7\u00f5es.<\/p>\n\n\n\n<p class=\"wp-block-paragraph\">Portanto, o problema fiscal \u00e9 s\u00e9rio.<\/p>\n\n\n\n<p class=\"wp-block-paragraph\">Mas n\u00e3o significa aus\u00eancia de caminhos.<\/p>\n\n\n\n<p class=\"wp-block-paragraph\">\u00c9 aqui que esperan\u00e7a baseada em evid\u00eancias \u00e9 mais \u00fatil que otimismo vazio.<\/p>\n\n\n\n<h2 class=\"wp-block-heading\">Qual \u00e9 o cen\u00e1rio mais prov\u00e1vel entre 2027 e 2030?<\/h2>\n\n\n\n<p class=\"wp-block-paragraph\">Nossa proje\u00e7\u00e3o central n\u00e3o \u00e9 de ruptura.<\/p>\n\n\n\n<p class=\"wp-block-paragraph\">\u00c9 de continuidade com tens\u00e3o.<\/p>\n\n\n\n<p class=\"wp-block-paragraph\">Um governo Lula reeleito provavelmente tentaria ampliar pol\u00edticas sociais, investimento, pol\u00edtica industrial, infraestrutura e educa\u00e7\u00e3o enquanto negocia permanentemente limites fiscais e apoio congressional.<\/p>\n\n\n\n<h3 class=\"wp-block-heading\">Cen\u00e1rio-base: continuidade com crescimento moderado<\/h3>\n\n\n\n<p class=\"wp-block-paragraph\">\u00c9 o cen\u00e1rio que consideramos mais plaus\u00edvel.<\/p>\n\n\n\n<p class=\"wp-block-paragraph\">Caracter\u00edsticas:<\/p>\n\n\n\n<ul class=\"wp-block-list\">\n<li>PIB crescendo aproximadamente entre 2% e 3%;<\/li>\n\n\n\n<li>mercado de trabalho ainda relativamente forte;<\/li>\n\n\n\n<li>expans\u00e3o gradual das pol\u00edticas sociais;<\/li>\n\n\n\n<li>investimentos p\u00fablicos e privados avan\u00e7ando seletivamente;<\/li>\n\n\n\n<li>infla\u00e7\u00e3o exigindo aten\u00e7\u00e3o;<\/li>\n\n\n\n<li>press\u00e3o fiscal recorrente;<\/li>\n\n\n\n<li>progresso incremental em educa\u00e7\u00e3o;<\/li>\n\n\n\n<li>reforma da seguran\u00e7a avan\u00e7ando institucionalmente;<\/li>\n\n\n\n<li>dificuldade para produzir salto r\u00e1pido de produtividade.<\/li>\n<\/ul>\n\n\n\n<p class=\"wp-block-paragraph\">N\u00e3o seria um novo \u201cmilagre econ\u00f4mico\u201d.<\/p>\n\n\n\n<p class=\"wp-block-paragraph\">Tamb\u00e9m n\u00e3o seria necessariamente estagna\u00e7\u00e3o.<\/p>\n\n\n\n<p class=\"wp-block-paragraph\">Seria uma administra\u00e7\u00e3o de crescimento moderado com forte disputa distributiva.<\/p>\n\n\n\n<h3 class=\"wp-block-heading\">Cen\u00e1rio favor\u00e1vel: produtividade finalmente entra no jogo<\/h3>\n\n\n\n<p class=\"wp-block-paragraph\">Esse cen\u00e1rio depende de uma combina\u00e7\u00e3o mais rara.<\/p>\n\n\n\n<p class=\"wp-block-paragraph\">A reforma tribut\u00e1ria precisa produzir efici\u00eancia.<\/p>\n\n\n\n<p class=\"wp-block-paragraph\">Os juros precisam cair.<\/p>\n\n\n\n<p class=\"wp-block-paragraph\">Investimentos em infraestrutura precisam destravar.<\/p>\n\n\n\n<p class=\"wp-block-paragraph\">Capital internacional precisa entrar em projetos produtivos.<\/p>\n\n\n\n<p class=\"wp-block-paragraph\">Energia limpa, IA, ind\u00fastria e minerais cr\u00edticos precisam gerar cadeias de maior valor agregado.<\/p>\n\n\n\n<p class=\"wp-block-paragraph\">Al\u00e9m disso, pol\u00edtica fiscal precisa ganhar credibilidade.<\/p>\n\n\n\n<p class=\"wp-block-paragraph\">Nesse ambiente, crescimento acima de 3% se torna mais plaus\u00edvel.<\/p>\n\n\n\n<p class=\"wp-block-paragraph\">O Brasil come\u00e7aria ent\u00e3o a transformar inclus\u00e3o social em desenvolvimento estrutural.<\/p>\n\n\n\n<h3 class=\"wp-block-heading\">Cen\u00e1rio adverso: a conta fiscal encontra um choque externo<\/h3>\n\n\n\n<p class=\"wp-block-paragraph\">Uma escalada geopol\u00edtica, nova press\u00e3o energ\u00e9tica, infla\u00e7\u00e3o elevada, juros persistentes ou perda de confian\u00e7a fiscal podem reduzir o espa\u00e7o para investimento.<\/p>\n\n\n\n<p class=\"wp-block-paragraph\">Nesse caso, o governo enfrentaria escolhas dif\u00edceis.<\/p>\n\n\n\n<p class=\"wp-block-paragraph\">Preservar benef\u00edcios?<\/p>\n\n\n\n<p class=\"wp-block-paragraph\">Cortar investimento?<\/p>\n\n\n\n<p class=\"wp-block-paragraph\">Aumentar receita?<\/p>\n\n\n\n<p class=\"wp-block-paragraph\">Rever despesas?<\/p>\n\n\n\n<p class=\"wp-block-paragraph\">Aceitar d\u00edvida maior?<\/p>\n\n\n\n<p class=\"wp-block-paragraph\">\u00c9 justamente nesses momentos que governan\u00e7a importa.<\/p>\n\n\n\n<p class=\"wp-block-paragraph\">Crise raramente testa o discurso.<\/p>\n\n\n\n<p class=\"wp-block-paragraph\">Ela testa prioridades.<\/p>\n\n\n\n<h2 class=\"wp-block-heading\">Qual \u00e9 a probabilidade de cada grande promessa sair do papel?<\/h2>\n\n\n\n<p class=\"wp-block-paragraph\">As faixas abaixo s\u00e3o uma <strong>avalia\u00e7\u00e3o editorial Akilli de risco de execu\u00e7\u00e3o<\/strong>. N\u00e3o s\u00e3o probabilidades estat\u00edsticas nem resultado de modelo econom\u00e9trico.<\/p>\n\n\n\n<figure class=\"wp-block-table\"><table class=\"has-fixed-layout\"><thead><tr><th>\u00c1rea<\/th><th>Capacidade demonstrada<\/th><th>Confian\u00e7a na execu\u00e7\u00e3o<\/th><\/tr><\/thead><tbody><tr><td>Combate \u00e0 fome e pobreza<\/td><td>Muito alta<\/td><td><strong>80%\u201390%<\/strong><\/td><\/tr><tr><td>Transfer\u00eancia de renda e valoriza\u00e7\u00e3o salarial<\/td><td>Muito alta<\/td><td><strong>75%\u201385%<\/strong><\/td><\/tr><tr><td>Expans\u00e3o de pol\u00edticas educacionais<\/td><td>Alta<\/td><td><strong>70%\u201380%<\/strong><\/td><\/tr><tr><td>Expans\u00e3o da rede federal de ensino<\/td><td>Alta<\/td><td><strong>70%\u201380%<\/strong><\/td><\/tr><tr><td>Emprego e formaliza\u00e7\u00e3o<\/td><td>Alta, mas dependente do ciclo<\/td><td><strong>65%\u201375%<\/strong><\/td><\/tr><tr><td>Infraestrutura e PAC<\/td><td>Alta capacidade de mobiliza\u00e7\u00e3o<\/td><td><strong>60%\u201370%<\/strong><\/td><\/tr><tr><td>Reforma institucional da seguran\u00e7a<\/td><td>Moderada<\/td><td><strong>50%\u201365%<\/strong><\/td><\/tr><tr><td>Queda estrutural do crime<\/td><td>Depend\u00eancia federativa alta<\/td><td><strong>45%\u201360%<\/strong><\/td><\/tr><tr><td>Neoindustrializa\u00e7\u00e3o e economia digital<\/td><td>Hist\u00f3rico ainda inconclusivo<\/td><td><strong>50%\u201365%<\/strong><\/td><\/tr><tr><td>Estabilizar d\u00edvida enquanto amplia investimento<\/td><td>Principal risco<\/td><td><strong>35%\u201350%<\/strong><\/td><\/tr><tr><td>Executar o n\u00facleo do programa<\/td><td>\u2014<\/td><td><strong>65%\u201370%<\/strong><\/td><\/tr><tr><td>Executar praticamente tudo<\/td><td>\u2014<\/td><td><strong>30%\u201340%<\/strong><\/td><\/tr><\/tbody><\/table><\/figure>\n\n\n\n<p class=\"wp-block-paragraph\">A leitura mais importante dessa tabela \u00e9 simples.<\/p>\n\n\n\n<p class=\"wp-block-paragraph\">Lula apresenta maior previsibilidade justamente nas pol\u00edticas em que o governo federal controla or\u00e7amento, desenho e execu\u00e7\u00e3o.<\/p>\n\n\n\n<p class=\"wp-block-paragraph\">A previsibilidade cai conforme cresce a quantidade de atores necess\u00e1rios.<\/p>\n\n\n\n<p class=\"wp-block-paragraph\">Isso \u00e9 governan\u00e7a b\u00e1sica.<\/p>\n\n\n\n<p class=\"wp-block-paragraph\">Quanto maior a interdepend\u00eancia, maior o risco.<\/p>\n\n\n\n<h2 class=\"wp-block-heading\">O que eu vejo na pr\u00e1tica?<\/h2>\n\n\n\n<p class=\"wp-block-paragraph\">Quando analisamos organiza\u00e7\u00f5es, governos e ecossistemas na Akilli Brasil, um padr\u00e3o aparece repetidamente: <strong>planejamento raramente fracassa porque ningu\u00e9m sabia o objetivo. Ele fracassa porque ningu\u00e9m estruturou adequadamente as depend\u00eancias necess\u00e1rias para chegar l\u00e1.<\/strong><\/p>\n\n\n\n<p class=\"wp-block-paragraph\">\u00c9 exatamente assim que eu analisaria um pr\u00f3ximo governo.<\/p>\n\n\n\n<p class=\"wp-block-paragraph\">Criar um programa \u00e9 relativamente simples.<\/p>\n\n\n\n<p class=\"wp-block-paragraph\">Execut\u00e1-lo exige or\u00e7amento, equipe, processo, tecnologia, indicadores, governan\u00e7a, parceiros e estabilidade institucional.<\/p>\n\n\n\n<p class=\"wp-block-paragraph\">Produzir impacto exige ainda mais.<\/p>\n\n\n\n<p class=\"wp-block-paragraph\">Por isso, gosto de separar quatro n\u00edveis:<\/p>\n\n\n\n<p class=\"wp-block-paragraph\"><strong>Input:<\/strong> dinheiro, pessoal, legisla\u00e7\u00e3o e estrutura.<\/p>\n\n\n\n<p class=\"wp-block-paragraph\"><strong>Output:<\/strong> programa lan\u00e7ado, obra iniciada, benef\u00edcio pago.<\/p>\n\n\n\n<p class=\"wp-block-paragraph\"><strong>Outcome:<\/strong> renda maior, escola melhor, menos crime, produtividade maior.<\/p>\n\n\n\n<p class=\"wp-block-paragraph\"><strong>Impacto:<\/strong> mudan\u00e7a estrutural que continua produzindo resultado mesmo quando o ciclo pol\u00edtico muda.<\/p>\n\n\n\n<p class=\"wp-block-paragraph\">Esse framework vale para o Pal\u00e1cio do Planalto.<\/p>\n\n\n\n<p class=\"wp-block-paragraph\">Vale tamb\u00e9m para uma prefeitura.<\/p>\n\n\n\n<p class=\"wp-block-paragraph\">E vale igualmente para uma startup ou empresa.<\/p>\n\n\n\n<p class=\"wp-block-paragraph\">Na Arquitetura Estrat\u00e9gica da Akilli, tratamos justamente a passagem de informa\u00e7\u00e3o para decis\u00e3o, da decis\u00e3o para execu\u00e7\u00e3o e da execu\u00e7\u00e3o para resultados verific\u00e1veis.<\/p>\n\n\n\n<p class=\"wp-block-paragraph\">Se voc\u00ea lidera uma organiza\u00e7\u00e3o ou ecossistema, vale conhecer <a href=\"https:\/\/akillibrasil.com\/blog\/diagnostico-maturidade-organizacional\/\" data-type=\"page\" data-id=\"3553\">como a Akilli estrutura diagn\u00f3stico, roadmap, governan\u00e7a e monitoramento de execu\u00e7\u00e3o.<\/a> O desafio \u00e9 o mesmo em escalas diferentes: parar de confundir atividade com resultado.<\/p>\n\n\n\n<h2 class=\"wp-block-heading\">Como l\u00edderes e empresas deveriam se preparar para 2027?<\/h2>\n\n\n\n<p class=\"wp-block-paragraph\">Independentemente de prefer\u00eancia eleitoral, empresas e organiza\u00e7\u00f5es n\u00e3o deveriam esperar outubro para come\u00e7ar a pensar em janeiro.<\/p>\n\n\n\n<p class=\"wp-block-paragraph\">Um framework simples pode ser aplicado amanh\u00e3.<\/p>\n\n\n\n<h3 class=\"wp-block-heading\">1. Quais pol\u00edticas provavelmente continuar\u00e3o?<\/h3>\n\n\n\n<p class=\"wp-block-paragraph\">Mapeie programas, incentivos, regula\u00e7\u00f5es e investimentos com alta probabilidade de continuidade.<\/p>\n\n\n\n<h3 class=\"wp-block-heading\">2. Quais dependem do Congresso?<\/h3>\n\n\n\n<p class=\"wp-block-paragraph\">Separe promessa presidencial de mudan\u00e7a legislativa.<\/p>\n\n\n\n<p class=\"wp-block-paragraph\">S\u00e3o riscos diferentes.<\/p>\n\n\n\n<h3 class=\"wp-block-heading\">3. Onde o or\u00e7amento \u00e9 o gargalo?<\/h3>\n\n\n\n<p class=\"wp-block-paragraph\">Toda pol\u00edtica precisa de funding.<\/p>\n\n\n\n<p class=\"wp-block-paragraph\">Procure a fonte.<\/p>\n\n\n\n<h3 class=\"wp-block-heading\">4. Quais setores devem receber investimento?<\/h3>\n\n\n\n<p class=\"wp-block-paragraph\">Infraestrutura, energia, economia verde, tecnologia, ind\u00fastria, sa\u00fade e educa\u00e7\u00e3o aparecem com for\u00e7a no programa.<\/p>\n\n\n\n<p class=\"wp-block-paragraph\">Isso cria oportunidades para empresas e startups.<\/p>\n\n\n\n<h3 class=\"wp-block-heading\">5. Quais indicadores invalidariam sua tese?<\/h3>\n\n\n\n<p class=\"wp-block-paragraph\">Defina gatilhos.<\/p>\n\n\n\n<p class=\"wp-block-paragraph\">Por exemplo:<\/p>\n\n\n\n<ul class=\"wp-block-list\">\n<li>d\u00edvida\/PIB;<\/li>\n\n\n\n<li>taxa de investimento;<\/li>\n\n\n\n<li>infla\u00e7\u00e3o;<\/li>\n\n\n\n<li>juros;<\/li>\n\n\n\n<li>emprego;<\/li>\n\n\n\n<li>PIB;<\/li>\n\n\n\n<li>investimento estrangeiro;<\/li>\n\n\n\n<li>execu\u00e7\u00e3o do PAC.<\/li>\n<\/ul>\n\n\n\n<h3 class=\"wp-block-heading\">6. Quais atores precisam cooperar?<\/h3>\n\n\n\n<p class=\"wp-block-paragraph\">Governo federal sozinho raramente executa uma transforma\u00e7\u00e3o sist\u00eamica.<\/p>\n\n\n\n<p class=\"wp-block-paragraph\">Mapeie estados, munic\u00edpios, empresas, universidades, financiadores e reguladores.<\/p>\n\n\n\n<h3 class=\"wp-block-heading\">7. Como sua estrat\u00e9gia muda em cada cen\u00e1rio?<\/h3>\n\n\n\n<p class=\"wp-block-paragraph\">Construa cen\u00e1rio-base, cen\u00e1rio favor\u00e1vel e cen\u00e1rio adverso.<\/p>\n\n\n\n<p class=\"wp-block-paragraph\">Isso \u00e9 muito mais \u00fatil do que tentar adivinhar quem \u201cvai acertar tudo\u201d.<\/p>\n\n\n\n<h2 class=\"wp-block-heading\">Como isso funciona em um exemplo pr\u00e1tico?<\/h2>\n\n\n\n<p class=\"wp-block-paragraph\">Imagine uma empresa de tecnologia industrial planejando investir R$ 20 milh\u00f5es no Brasil entre 2027 e 2030.<\/p>\n\n\n\n<p class=\"wp-block-paragraph\">Ela pode olhar para o programa eleitoral e concluir:<\/p>\n\n\n\n<p class=\"wp-block-paragraph\">\u201co governo quer reindustrializa\u00e7\u00e3o; portanto, vamos investir\u201d.<\/p>\n\n\n\n<p class=\"wp-block-paragraph\">Isso seria insuficiente.<\/p>\n\n\n\n<p class=\"wp-block-paragraph\">Uma an\u00e1lise melhor perguntaria:<\/p>\n\n\n\n<p class=\"wp-block-paragraph\"><strong>Cen\u00e1rio pol\u00edtico:<\/strong> a Nova Ind\u00fastria Brasil continuar\u00e1?<\/p>\n\n\n\n<p class=\"wp-block-paragraph\"><strong>Cen\u00e1rio fiscal:<\/strong> haver\u00e1 recursos e cr\u00e9dito para os incentivos?<\/p>\n\n\n\n<p class=\"wp-block-paragraph\"><strong>Cen\u00e1rio monet\u00e1rio:<\/strong> quanto custar\u00e1 financiar expans\u00e3o?<\/p>\n\n\n\n<p class=\"wp-block-paragraph\"><strong>Cen\u00e1rio energ\u00e9tico:<\/strong> a energia brasileira seguir\u00e1 competitiva?<\/p>\n\n\n\n<p class=\"wp-block-paragraph\"><strong>Cen\u00e1rio tribut\u00e1rio:<\/strong> a reforma reduzir\u00e1 complexidade?<\/p>\n\n\n\n<p class=\"wp-block-paragraph\"><strong>Cen\u00e1rio tecnol\u00f3gico:<\/strong> a empresa est\u00e1 integrada \u00e0s cadeias de IA e automa\u00e7\u00e3o?<\/p>\n\n\n\n<p class=\"wp-block-paragraph\"><strong>Cen\u00e1rio territorial:<\/strong> qual estado oferece infraestrutura e m\u00e3o de obra?<\/p>\n\n\n\n<p class=\"wp-block-paragraph\">A decis\u00e3o deixa de ser partid\u00e1ria.<\/p>\n\n\n\n<p class=\"wp-block-paragraph\">Torna-se estrat\u00e9gica.<\/p>\n\n\n\n<p class=\"wp-block-paragraph\">Esse \u00e9 o tipo de leitura que organiza\u00e7\u00f5es precisam fazer de elei\u00e7\u00f5es.<\/p>\n\n\n\n<p class=\"wp-block-paragraph\">N\u00e3o \u201cquem eu gosto?\u201d.<\/p>\n\n\n\n<p class=\"wp-block-paragraph\">Mas \u201cquais decis\u00f5es ser\u00e3o poss\u00edveis em cada cen\u00e1rio?\u201d.<\/p>\n\n\n\n<h2 class=\"wp-block-heading\">O que muda para os ecossistemas de inova\u00e7\u00e3o?<\/h2>\n\n\n\n<p class=\"wp-block-paragraph\">Muita coisa.<\/p>\n\n\n\n<p class=\"wp-block-paragraph\">Se a agenda econ\u00f4mica de Lula avan\u00e7ar, haver\u00e1 oportunidades especialmente na interse\u00e7\u00e3o entre Estado e mercado.<\/p>\n\n\n\n<p class=\"wp-block-paragraph\">Entre elas:<\/p>\n\n\n\n<ul class=\"wp-block-list\">\n<li>GovTech;<\/li>\n\n\n\n<li>intelig\u00eancia artificial;<\/li>\n\n\n\n<li>energia;<\/li>\n\n\n\n<li>climate tech;<\/li>\n\n\n\n<li>mobilidade;<\/li>\n\n\n\n<li>infraestrutura;<\/li>\n\n\n\n<li>sa\u00fade digital;<\/li>\n\n\n\n<li>educa\u00e7\u00e3o tecnol\u00f3gica;<\/li>\n\n\n\n<li>seguran\u00e7a e intelig\u00eancia;<\/li>\n\n\n\n<li>agricultura avan\u00e7ada;<\/li>\n\n\n\n<li>minerais estrat\u00e9gicos;<\/li>\n\n\n\n<li>ind\u00fastria 4.0.<\/li>\n<\/ul>\n\n\n\n<p class=\"wp-block-paragraph\">Mas existe uma condi\u00e7\u00e3o.<\/p>\n\n\n\n<p class=\"wp-block-paragraph\">Startup n\u00e3o deve construir produto para \u201co governo\u201d.<\/p>\n\n\n\n<p class=\"wp-block-paragraph\">Deve construir solu\u00e7\u00e3o para um problema real que continuar\u00e1 existindo independentemente de quem ocupa o cargo.<\/p>\n\n\n\n<p class=\"wp-block-paragraph\">\u00c9 assim que ecossistemas se tornam resilientes.<\/p>\n\n\n\n<p class=\"wp-block-paragraph\">Governo pode ser cliente, financiador, regulador ou parceiro.<\/p>\n\n\n\n<p class=\"wp-block-paragraph\">N\u00e3o deveria ser o \u00fanico motivo de exist\u00eancia do neg\u00f3cio.<\/p>\n\n\n\n<h2 class=\"wp-block-heading\">Quais s\u00e3o as sete conclus\u00f5es mais importantes?<\/h2>\n\n\n\n<ul class=\"wp-block-list\">\n<li><strong>A continuidade social \u00e9 a parte mais previs\u00edvel<\/strong> de um eventual novo governo.<\/li>\n\n\n\n<li><strong>O mercado de trabalho entra em 2027 como ativo<\/strong>, embora produtividade e informalidade continuem sendo desafios.<\/li>\n\n\n\n<li><strong>A educa\u00e7\u00e3o avan\u00e7ou<\/strong>, mas o pr\u00f3ximo salto precisa acontecer na aprendizagem e n\u00e3o apenas no acesso.<\/li>\n\n\n\n<li><strong>A seguran\u00e7a melhorou em indicadores agregados<\/strong>, por\u00e9m depende de coordena\u00e7\u00e3o federativa muito al\u00e9m do Planalto.<\/li>\n\n\n\n<li><strong>A nova pol\u00edtica industrial possui oportunidade real<\/strong>, especialmente em energia, IA e economia verde, mas ainda precisa provar produtividade.<\/li>\n\n\n\n<li><strong>A d\u00edvida p\u00fablica \u00e9 o principal fator de risco<\/strong> para a capacidade de ampliar investimentos e programas simultaneamente.<\/li>\n\n\n\n<li><strong>O sucesso de 2027\u20132030 depender\u00e1 menos da quantidade de pol\u00edticas anunciadas e mais da capacidade de fazer diferentes sistemas funcionarem juntos.<\/strong><\/li>\n<\/ul>\n\n\n\n<h2 class=\"wp-block-heading\">Lula conseguir\u00e1 repetir o desempenho de seus primeiros mandatos?<\/h2>\n\n\n\n<p class=\"wp-block-paragraph\">N\u00e3o necessariamente.<\/p>\n\n\n\n<p class=\"wp-block-paragraph\">Esse \u00e9 um dos principais erros de proje\u00e7\u00e3o.<\/p>\n\n\n\n<p class=\"wp-block-paragraph\">O Brasil de 2027 n\u00e3o ser\u00e1 o Brasil de 2003.<\/p>\n\n\n\n<p class=\"wp-block-paragraph\">A China mudou.<\/p>\n\n\n\n<p class=\"wp-block-paragraph\">A demografia mudou.<\/p>\n\n\n\n<p class=\"wp-block-paragraph\">A economia brasileira mudou.<\/p>\n\n\n\n<p class=\"wp-block-paragraph\">A d\u00edvida mudou.<\/p>\n\n\n\n<p class=\"wp-block-paragraph\">A tecnologia mudou.<\/p>\n\n\n\n<p class=\"wp-block-paragraph\">O com\u00e9rcio mundial mudou.<\/p>\n\n\n\n<p class=\"wp-block-paragraph\">O ambiente geopol\u00edtico mudou.<\/p>\n\n\n\n<p class=\"wp-block-paragraph\">Consequentemente, copiar a estrat\u00e9gia dos anos 2000 seria pouco.<\/p>\n\n\n\n<p class=\"wp-block-paragraph\">O pr\u00f3ximo ciclo exige outra arquitetura.<\/p>\n\n\n\n<p class=\"wp-block-paragraph\">Se houver um novo governo Lula bem-sucedido, ele provavelmente ser\u00e1 bem-sucedido por raz\u00f5es diferentes das que ajudaram Lula I e Lula II.<\/p>\n\n\n\n<h2 class=\"wp-block-heading\">O pa\u00eds pode quebrar com um novo governo?<\/h2>\n\n\n\n<p class=\"wp-block-paragraph\">Os dados atuais n\u00e3o sustentam uma previs\u00e3o dessa natureza.<\/p>\n\n\n\n<p class=\"wp-block-paragraph\">Existe risco fiscal relevante.<\/p>\n\n\n\n<p class=\"wp-block-paragraph\">Existe d\u00edvida elevada.<\/p>\n\n\n\n<p class=\"wp-block-paragraph\">Existem despesas r\u00edgidas.<\/p>\n\n\n\n<p class=\"wp-block-paragraph\">Por\u00e9m, o Brasil possui grande economia, mercado dom\u00e9stico, reservas internacionais, sistema financeiro robusto, capacidade tribut\u00e1ria, produ\u00e7\u00e3o de energia e institui\u00e7\u00f5es macroecon\u00f4micas relevantes.<\/p>\n\n\n\n<p class=\"wp-block-paragraph\">Problemas fiscais precisam ser tratados seriamente.<\/p>\n\n\n\n<p class=\"wp-block-paragraph\">Catastrofismo n\u00e3o os trata.<\/p>\n\n\n\n<p class=\"wp-block-paragraph\">Boa governan\u00e7a, sim.<\/p>\n\n\n\n<h2 class=\"wp-block-heading\">Um novo mandato significa necessariamente mais Estado?<\/h2>\n\n\n\n<p class=\"wp-block-paragraph\">Provavelmente significa manuten\u00e7\u00e3o de uma presen\u00e7a federal relevante na economia.<\/p>\n\n\n\n<p class=\"wp-block-paragraph\">Entretanto, o pr\u00f3prio sucesso dessa estrat\u00e9gia depender\u00e1 de investimento privado.<\/p>\n\n\n\n<p class=\"wp-block-paragraph\">Novo PAC, pol\u00edtica industrial, transi\u00e7\u00e3o energ\u00e9tica e infraestrutura exigem capital em escala muito maior do que o or\u00e7amento p\u00fablico sozinho consegue fornecer.<\/p>\n\n\n\n<p class=\"wp-block-paragraph\">Portanto, o cen\u00e1rio mais eficiente n\u00e3o \u00e9 Estado versus mercado.<\/p>\n\n\n\n<p class=\"wp-block-paragraph\">\u00c9 Estado criando dire\u00e7\u00e3o e ambiente enquanto capital privado executa parte relevante dos investimentos.<\/p>\n\n\n\n<p class=\"wp-block-paragraph\">O desafio est\u00e1 na qualidade dessa coordena\u00e7\u00e3o.<\/p>\n\n\n\n<h2 class=\"wp-block-heading\">Ent\u00e3o, o que o futuro realmente reserva?<\/h2>\n\n\n\n<p class=\"wp-block-paragraph\">Ningu\u00e9m sabe.<\/p>\n\n\n\n<p class=\"wp-block-paragraph\">E essa talvez seja a resposta mais intelectualmente honesta.<\/p>\n\n\n\n<p class=\"wp-block-paragraph\">Mas incerteza n\u00e3o significa aus\u00eancia de evid\u00eancias.<\/p>\n\n\n\n<p class=\"wp-block-paragraph\">Os dados permitem afirmar que um <strong>quarto mandato de Lula<\/strong> teria boas condi\u00e7\u00f5es para continuar pol\u00edticas de renda, emprego, educa\u00e7\u00e3o, infraestrutura e prote\u00e7\u00e3o social.<\/p>\n\n\n\n<p class=\"wp-block-paragraph\">Tamb\u00e9m indicam que seguran\u00e7a p\u00fablica continuar\u00e1 exigindo grande coordena\u00e7\u00e3o e que a transforma\u00e7\u00e3o produtiva ainda precisa provar resultados.<\/p>\n\n\n\n<p class=\"wp-block-paragraph\">Acima de tudo, apontam para uma vari\u00e1vel central: sustentabilidade fiscal.<\/p>\n\n\n\n<p class=\"wp-block-paragraph\">A principal pergunta para 2027 n\u00e3o \u00e9 se o governo conseguir\u00e1 lan\u00e7ar programas.<\/p>\n\n\n\n<p class=\"wp-block-paragraph\">Lula j\u00e1 demonstrou tr\u00eas vezes capacidade pol\u00edtica para movimentar a m\u00e1quina federal.<\/p>\n\n\n\n<p class=\"wp-block-paragraph\">A quest\u00e3o \u00e9 mais sofisticada:<\/p>\n\n\n\n<p class=\"wp-block-paragraph\"><strong>conseguir\u00e1 fazer essa m\u00e1quina produzir produtividade suficiente para financiar de maneira sustent\u00e1vel a inclus\u00e3o que pretende ampliar?<\/strong><\/p>\n\n\n\n<p class=\"wp-block-paragraph\">Se a resposta for sim, o pa\u00eds poder\u00e1 entrar em um ciclo interessante de crescimento, energia, tecnologia, ind\u00fastria e melhoria social.<\/p>\n\n\n\n<p class=\"wp-block-paragraph\">Se a resposta for n\u00e3o, o pr\u00f3ximo mandato provavelmente ser\u00e1 marcado por disputa crescente entre or\u00e7amento, juros, programas sociais e investimento.<\/p>\n\n\n\n<p class=\"wp-block-paragraph\">Essa \u00e9 a verdadeira fronteira da elei\u00e7\u00e3o.<\/p>\n\n\n\n<p class=\"wp-block-paragraph\">N\u00e3o direita contra esquerda.<\/p>\n\n\n\n<p class=\"wp-block-paragraph\">N\u00e3o Lula contra um advers\u00e1rio.<\/p>\n\n\n\n<p class=\"wp-block-paragraph\">Mas <strong>capacidade de execu\u00e7\u00e3o contra restri\u00e7\u00f5es reais<\/strong>.<\/p>\n\n\n\n<p class=\"wp-block-paragraph\">E talvez esse seja um crit\u00e9rio muito melhor para escolher qualquer presidente.<\/p>\n\n\n\n<p class=\"wp-block-paragraph\">Decis\u00f5es relevantes n\u00e3o deveriam depender de manchetes isoladas. A Akilli Brasil trabalha com leitura de contexto, dados, reputa\u00e7\u00e3o e governan\u00e7a para transformar sinais em decis\u00e3o. Conhe\u00e7a a Metodologia Deepsearch e nossa Arquitetura Estrat\u00e9gica para entender como monitorar cen\u00e1rios antes que eles virem risco \u2014 ou oportunidade.<\/p>\n\n\n\n<p class=\"wp-block-paragraph\"><em>Nota metodol\u00f3gica: esta an\u00e1lise utiliza informa\u00e7\u00f5es dispon\u00edveis at\u00e9 30 de agosto de 2026. O PIB do segundo trimestre de 2026 est\u00e1 previsto para divulga\u00e7\u00e3o pelo IBGE em 1\u00ba de setembro de 2026. As faixas de confian\u00e7a apresentadas s\u00e3o estimativas editoriais da Akilli Brasil baseadas em hist\u00f3rico de execu\u00e7\u00e3o, depend\u00eancias institucionais e riscos econ\u00f4micos; n\u00e3o s\u00e3o proje\u00e7\u00f5es econom\u00e9tricas.<\/em><\/p>\n\n\n\n<hr class=\"wp-block-separator has-alpha-channel-opacity\"\/>\n\n\n\n<p class=\"wp-block-paragraph\">Quer transformar cen\u00e1rios complexos em decis\u00f5es concretas? Conhe\u00e7a como a Arquitetura Estrat\u00e9gica Akilli conecta diagn\u00f3stico, roadmap, governan\u00e7a e execu\u00e7\u00e3o. <a href=\"https:\/\/akillibrasil.com\/blog\/projetos\/?utm_source=chatgpt.com\">Arquitetura Estrat\u00e9gica Akilli Brasil<\/a><\/p>\n\n\n\n<p class=\"wp-block-paragraph\">Sinais econ\u00f4micos, pol\u00edticos e reputacionais aparecem antes das crises e oportunidades. Conhe\u00e7a a Metodologia Deepsearch para estruturar essa leitura. <a href=\"https:\/\/akillibrasil.com\/monitoramento-reputacional-deepsearch\/?utm_source=chatgpt.com\">Monitoramento Reputacional Deepsearch<\/a><\/p>\n\n\n\n<p class=\"wp-block-paragraph\"><strong>Conte\u00fado interno complementar<\/strong><\/p>\n\n\n\n<p class=\"wp-block-paragraph\">A an\u00e1lise sobre a posi\u00e7\u00e3o brasileira nas novas cadeias globais complementa diretamente a proje\u00e7\u00e3o econ\u00f4mica deste artigo. <a href=\"https:\/\/akillibrasil.com\/blog\/investimentos-estrangeiros-brasil-oportunidade-energetica\/?utm_source=chatgpt.com\">O Brasil virou a bola da vez para investimentos estrangeiros?<\/a><\/p>\n\n\n\n<h2 class=\"wp-block-heading\">Links externos<\/h2>\n\n\n\n<ol class=\"wp-block-list\">\n<li><a href=\"https:\/\/agenciadenoticias.ibge.gov.br\/agencia-sala-de-imprensa\/2013-agencia-de-noticias\/releases\/45968-pib-cresce-2-3-em-2025-e-fecha-o-ano-em-r-12-7-trilhoes?utm_source=chatgpt.com\">IBGE \u2014 PIB do Brasil em 2025<\/a><\/li>\n\n\n\n<li><a href=\"https:\/\/agenciadenoticias.ibge.gov.br\/agencia-sala-de-imprensa\/2013-agencia-de-noticias\/releases\/46917-pib-cresce-1-1-no-primeiro-trimestre-de-2026?utm_source=chatgpt.com\">IBGE \u2014 PIB do primeiro trimestre de 2026<\/a><\/li>\n\n\n\n<li><a href=\"https:\/\/www.gov.br\/inep\/pt-br\/centrais-de-conteudo\/noticias\/ideb\/ideb-avanca-em-todas-as-etapas-da-educacao-basica?utm_source=chatgpt.com\">Inep \u2014 Ideb 2025<\/a><\/li>\n\n\n\n<li><a href=\"https:\/\/fontesegura.forumseguranca.org.br\/mortes-violentas-intencionais-no-brasil-em-2025-entre-avancos-historicos-e-desafios-persistentes\/?utm_source=chatgpt.com\">F\u00f3rum Brasileiro de Seguran\u00e7a P\u00fablica \u2014 viol\u00eancia em 2025<\/a><\/li>\n\n\n\n<li><a href=\"https:\/\/www.imf.org\/en\/news\/articles\/2026\/07\/23\/pr26257-brazil-imf-executive-board-concludes-2026-article-iv-consultation?utm_source=chatgpt.com\">FMI \u2014 avalia\u00e7\u00e3o da economia brasileira em 2026<\/a><\/li>\n<\/ol>\n\n\n\n<h3 class=\"wp-block-heading\">Exemplo pr\u00e1tico<\/h3>\n\n\n\n<p class=\"wp-block-paragraph\">Uma empresa planejando investir no Brasil em 2027 n\u00e3o deveria perguntar apenas quem venceu a elei\u00e7\u00e3o. Deveria acompanhar juros, d\u00edvida, reforma tribut\u00e1ria, investimento p\u00fablico, pol\u00edtica industrial e disponibilidade de energia. O cen\u00e1rio pol\u00edtico importa porque altera incentivos; a decis\u00e3o estrat\u00e9gica depende de transformar esses sinais em m\u00e9tricas de risco e oportunidade.<\/p>\n\n\n\n<p class=\"wp-block-paragraph\"><\/p>\n","protected":false},"excerpt":{"rendered":"<p>Luiz In\u00e1cio Lula da Silva disputa a elei\u00e7\u00e3o de 2026 em uma situa\u00e7\u00e3o incomum: o eleitor n\u00e3o precisa avali\u00e1-lo apenas pelo que promete. Depois de tr\u00eas passagens pela Presid\u00eancia, existe hist\u00f3rico suficiente para analisar o que um eventual quarto mandato de Lula provavelmente conseguiria executar \u2014 e onde a realidade pode ser bem menos cooperativa [&hellip;]<\/p>\n","protected":false},"author":2,"featured_media":4057,"comment_status":"open","ping_status":"open","sticky":false,"template":"","format":"standard","meta":{"_jetpack_newsletter_access":"","_jetpack_dont_email_post_to_subs":false,"_jetpack_newsletter_tier_id":0,"_jetpack_memberships_contains_paywalled_content":false,"_jetpack_feature_clip_id":0,"_jetpack_memberships_contains_paid_content":false,"footnotes":"","jetpack_publicize_message":"Dados de economia, emprego, educa\u00e7\u00e3o, seguran\u00e7a e risco fiscal ajudam a projetar como pode ser um novo governo Lula entre 2027 e 2030.\n\nLeia a an\u00e1lise completa no Akilli Blog: akillibrasil.com\/blog","jetpack_publicize_feature_enabled":true,"jetpack_social_post_already_shared":false,"jetpack_social_options":{"image_generator_settings":{"template":"highway","default_image_id":0,"font":"","enabled":false},"version":2},"jetpack_post_was_ever_published":false},"categories":[238,540,237,1],"tags":[545,542,546,520,543,541,243,523,531,216,544],"class_list":["post-4056","post","type-post","status-publish","format-standard","has-post-thumbnail","hentry","category-economia","category-eleicoes-2026","category-politica","category-todos","tag-desigualdade-social","tag-economia-brasileira","tag-educacao","tag-eleicoes-2026","tag-eleicoes-presidenciais","tag-emprego","tag-gestao-publica","tag-lula","tag-plano-de-governo","tag-politica-brasileira","tag-seguranca-publica"],"yoast_head":"<!-- This site is optimized with the Yoast SEO plugin v28.4 - https:\/\/yoast.com\/product\/yoast-seo-wordpress\/ -->\n<title>Quarto mandato de Lula: o que esperar at\u00e9 2030?<\/title>\n<meta name=\"description\" content=\"Dados de economia, emprego, educa\u00e7\u00e3o, seguran\u00e7a e risco fiscal ajudam a projetar como pode ser o quarto mandato de Lula.\" \/>\n<meta name=\"robots\" content=\"index, follow, max-snippet:-1, max-image-preview:large, max-video-preview:-1\" \/>\n<link rel=\"canonical\" href=\"https:\/\/akillibrasil.com\/blog\/quarto-mandato-lula-ate-2030\/\" \/>\n<meta property=\"og:locale\" content=\"pt_BR\" \/>\n<meta property=\"og:type\" content=\"article\" \/>\n<meta property=\"og:title\" content=\"Quarto mandato de Lula: o que esperar at\u00e9 2030?\" \/>\n<meta property=\"og:description\" content=\"Dados de economia, emprego, educa\u00e7\u00e3o, seguran\u00e7a e risco fiscal ajudam a projetar como pode ser o quarto mandato de Lula.\" \/>\n<meta property=\"og:url\" content=\"https:\/\/akillibrasil.com\/blog\/quarto-mandato-lula-ate-2030\/\" \/>\n<meta property=\"article:publisher\" content=\"https:\/\/facebook.com\/akillibrasil\" \/>\n<meta property=\"article:author\" content=\"https:\/\/facebook.com\/kirondelima\" \/>\n<meta property=\"article:published_time\" content=\"2026-08-30T15:31:42+00:00\" \/>\n<meta property=\"article:modified_time\" content=\"2026-08-30T15:34:33+00:00\" \/>\n<meta property=\"og:image\" content=\"https:\/\/akillibrasil.com\/blog\/wp-content\/uploads\/2026\/08\/quarto-mandato-de-lula-1024x768.png\" \/>\n\t<meta property=\"og:image:width\" content=\"1024\" \/>\n\t<meta property=\"og:image:height\" content=\"768\" \/>\n\t<meta property=\"og:image:type\" content=\"image\/png\" \/>\n<meta name=\"author\" content=\"Erik Lima\" \/>\n<meta name=\"twitter:card\" content=\"summary_large_image\" \/>\n<meta name=\"twitter:creator\" content=\"@erikkiron\" \/>\n<meta name=\"twitter:site\" content=\"@akillibrasil\" \/>\n<meta name=\"twitter:label1\" content=\"Escrito por\" \/>\n\t<meta name=\"twitter:data1\" content=\"Erik Lima\" \/>\n\t<meta name=\"twitter:label2\" content=\"Est. tempo de leitura\" \/>\n\t<meta name=\"twitter:data2\" content=\"22 minutos\" \/>\n<script type=\"application\/ld+json\" class=\"yoast-schema-graph\">{\"@context\":\"https:\\\/\\\/schema.org\",\"@graph\":[{\"@type\":\"Article\",\"@id\":\"https:\\\/\\\/akillibrasil.com\\\/blog\\\/quarto-mandato-lula-ate-2030\\\/#article\",\"isPartOf\":{\"@id\":\"https:\\\/\\\/akillibrasil.com\\\/blog\\\/quarto-mandato-lula-ate-2030\\\/\"},\"author\":{\"name\":\"Erik Lima\",\"@id\":\"https:\\\/\\\/akillibrasil.com\\\/blog\\\/#\\\/schema\\\/person\\\/8faa1e5a2100da58e3a8a9d4b63c03b5\"},\"headline\":\"O que o futuro reserva para um poss\u00edvel 4\u00ba mandato do Lula?\",\"datePublished\":\"2026-08-30T15:31:42+00:00\",\"dateModified\":\"2026-08-30T15:34:33+00:00\",\"mainEntityOfPage\":{\"@id\":\"https:\\\/\\\/akillibrasil.com\\\/blog\\\/quarto-mandato-lula-ate-2030\\\/\"},\"wordCount\":4301,\"commentCount\":0,\"publisher\":{\"@id\":\"https:\\\/\\\/akillibrasil.com\\\/blog\\\/#organization\"},\"image\":{\"@id\":\"https:\\\/\\\/akillibrasil.com\\\/blog\\\/quarto-mandato-lula-ate-2030\\\/#primaryimage\"},\"thumbnailUrl\":\"https:\\\/\\\/akillibrasil.com\\\/blog\\\/wp-content\\\/uploads\\\/2026\\\/08\\\/quarto-mandato-de-lula.png\",\"keywords\":[\"desigualdade social\",\"economia brasileira\",\"educa\u00e7\u00e3o\",\"Elei\u00e7\u00f5es 2026\",\"elei\u00e7\u00f5es presidenciais\",\"emprego\",\"gest\u00e3o p\u00fablica\",\"Lula\",\"Plano de Governo\",\"pol\u00edtica brasileira\",\"seguran\u00e7a p\u00fablica\"],\"articleSection\":[\"Economia\",\"Elei\u00e7\u00f5es 2026\",\"Pol\u00edtica\",\"Todos\"],\"inLanguage\":\"pt-BR\",\"potentialAction\":[{\"@type\":\"CommentAction\",\"name\":\"Comment\",\"target\":[\"https:\\\/\\\/akillibrasil.com\\\/blog\\\/quarto-mandato-lula-ate-2030\\\/#respond\"]}]},{\"@type\":\"WebPage\",\"@id\":\"https:\\\/\\\/akillibrasil.com\\\/blog\\\/quarto-mandato-lula-ate-2030\\\/\",\"url\":\"https:\\\/\\\/akillibrasil.com\\\/blog\\\/quarto-mandato-lula-ate-2030\\\/\",\"name\":\"Quarto mandato de Lula: o que esperar at\u00e9 2030?\",\"isPartOf\":{\"@id\":\"https:\\\/\\\/akillibrasil.com\\\/blog\\\/#website\"},\"primaryImageOfPage\":{\"@id\":\"https:\\\/\\\/akillibrasil.com\\\/blog\\\/quarto-mandato-lula-ate-2030\\\/#primaryimage\"},\"image\":{\"@id\":\"https:\\\/\\\/akillibrasil.com\\\/blog\\\/quarto-mandato-lula-ate-2030\\\/#primaryimage\"},\"thumbnailUrl\":\"https:\\\/\\\/akillibrasil.com\\\/blog\\\/wp-content\\\/uploads\\\/2026\\\/08\\\/quarto-mandato-de-lula.png\",\"datePublished\":\"2026-08-30T15:31:42+00:00\",\"dateModified\":\"2026-08-30T15:34:33+00:00\",\"description\":\"Dados de economia, emprego, educa\u00e7\u00e3o, seguran\u00e7a e risco fiscal ajudam a projetar como pode ser o quarto mandato de Lula.\",\"breadcrumb\":{\"@id\":\"https:\\\/\\\/akillibrasil.com\\\/blog\\\/quarto-mandato-lula-ate-2030\\\/#breadcrumb\"},\"inLanguage\":\"pt-BR\",\"potentialAction\":[{\"@type\":\"ReadAction\",\"target\":[\"https:\\\/\\\/akillibrasil.com\\\/blog\\\/quarto-mandato-lula-ate-2030\\\/\"]}]},{\"@type\":\"ImageObject\",\"inLanguage\":\"pt-BR\",\"@id\":\"https:\\\/\\\/akillibrasil.com\\\/blog\\\/quarto-mandato-lula-ate-2030\\\/#primaryimage\",\"url\":\"https:\\\/\\\/akillibrasil.com\\\/blog\\\/wp-content\\\/uploads\\\/2026\\\/08\\\/quarto-mandato-de-lula.png\",\"contentUrl\":\"https:\\\/\\\/akillibrasil.com\\\/blog\\\/wp-content\\\/uploads\\\/2026\\\/08\\\/quarto-mandato-de-lula.png\",\"width\":1448,\"height\":1086,\"caption\":\"Quarto mandato de Lula\"},{\"@type\":\"BreadcrumbList\",\"@id\":\"https:\\\/\\\/akillibrasil.com\\\/blog\\\/quarto-mandato-lula-ate-2030\\\/#breadcrumb\",\"itemListElement\":[{\"@type\":\"ListItem\",\"position\":1,\"name\":\"In\u00edcio\",\"item\":\"https:\\\/\\\/akillibrasil.com\\\/blog\\\/\"},{\"@type\":\"ListItem\",\"position\":2,\"name\":\"O que o futuro reserva para um poss\u00edvel 4\u00ba mandato do Lula?\"}]},{\"@type\":\"WebSite\",\"@id\":\"https:\\\/\\\/akillibrasil.com\\\/blog\\\/#website\",\"url\":\"https:\\\/\\\/akillibrasil.com\\\/blog\\\/\",\"name\":\"Akilli Blog\",\"description\":\"Informa\u00e7\u00e3o para voc\u00ea formar sua opini\u00e3o.\",\"publisher\":{\"@id\":\"https:\\\/\\\/akillibrasil.com\\\/blog\\\/#organization\"},\"potentialAction\":[{\"@type\":\"SearchAction\",\"target\":{\"@type\":\"EntryPoint\",\"urlTemplate\":\"https:\\\/\\\/akillibrasil.com\\\/blog\\\/?s={search_term_string}\"},\"query-input\":{\"@type\":\"PropertyValueSpecification\",\"valueRequired\":true,\"valueName\":\"search_term_string\"}}],\"inLanguage\":\"pt-BR\"},{\"@type\":\"Organization\",\"@id\":\"https:\\\/\\\/akillibrasil.com\\\/blog\\\/#organization\",\"name\":\"Akilli Brasil Ltda.\",\"url\":\"https:\\\/\\\/akillibrasil.com\\\/blog\\\/\",\"logo\":{\"@type\":\"ImageObject\",\"inLanguage\":\"pt-BR\",\"@id\":\"https:\\\/\\\/akillibrasil.com\\\/blog\\\/#\\\/schema\\\/logo\\\/image\\\/\",\"url\":\"https:\\\/\\\/akillibrasil.com\\\/blog\\\/wp-content\\\/uploads\\\/2024\\\/10\\\/cropped-Logotipo-final-2.png\",\"contentUrl\":\"https:\\\/\\\/akillibrasil.com\\\/blog\\\/wp-content\\\/uploads\\\/2024\\\/10\\\/cropped-Logotipo-final-2.png\",\"width\":1998,\"height\":667,\"caption\":\"Akilli Brasil Ltda.\"},\"image\":{\"@id\":\"https:\\\/\\\/akillibrasil.com\\\/blog\\\/#\\\/schema\\\/logo\\\/image\\\/\"},\"sameAs\":[\"https:\\\/\\\/facebook.com\\\/akillibrasil\",\"https:\\\/\\\/x.com\\\/akillibrasil\",\"https:\\\/\\\/instagram.com\\\/akillibrasil\",\"https:\\\/\\\/linkedin.com\\\/company\\\/akilli-brasil\"]},{\"@type\":\"Person\",\"@id\":\"https:\\\/\\\/akillibrasil.com\\\/blog\\\/#\\\/schema\\\/person\\\/8faa1e5a2100da58e3a8a9d4b63c03b5\",\"name\":\"Erik Lima\",\"pronouns\":\"ele\\\/dele\",\"image\":{\"@type\":\"ImageObject\",\"inLanguage\":\"pt-BR\",\"@id\":\"https:\\\/\\\/secure.gravatar.com\\\/avatar\\\/f55bafb5612ba885d8d87b925ce5d0f292e1680d2328d563780aad99dcb36272?s=96&d=mm&r=g\",\"url\":\"https:\\\/\\\/secure.gravatar.com\\\/avatar\\\/f55bafb5612ba885d8d87b925ce5d0f292e1680d2328d563780aad99dcb36272?s=96&d=mm&r=g\",\"contentUrl\":\"https:\\\/\\\/secure.gravatar.com\\\/avatar\\\/f55bafb5612ba885d8d87b925ce5d0f292e1680d2328d563780aad99dcb36272?s=96&d=mm&r=g\",\"caption\":\"Erik Lima\"},\"description\":\"Ao longo dos \u00faltimos anos, venho desenvolvendo solu\u00e7\u00f5es criativas e inovadoras na interse\u00e7\u00e3o entre comunica\u00e7\u00e3o, cultura, tecnologia e entretenimento. Sou fundador da Akilli Brasil, uma \u201cempresa que cria\u201d \u2014 marcas, conte\u00fados, sistemas, produtos digitais, programas de m\u00eddia e plataformas que conectam ideias a opera\u00e7\u00e3o.\",\"sameAs\":[\"https:\\\/\\\/instagram.com\\\/erik.kiron\",\"https:\\\/\\\/facebook.com\\\/kirondelima\",\"https:\\\/\\\/linkedin.com\\\/in\\\/erikklima\",\"https:\\\/\\\/x.com\\\/erikkiron\"],\"url\":\"https:\\\/\\\/akillibrasil.com\\\/blog\\\/author\\\/erikklima\\\/\"}]}<\/script>\n<!-- \/ Yoast SEO plugin. -->","yoast_head_json":{"title":"Quarto mandato de Lula: o que esperar at\u00e9 2030?","description":"Dados de economia, emprego, educa\u00e7\u00e3o, seguran\u00e7a e risco fiscal ajudam a projetar como pode ser o quarto mandato de Lula.","robots":{"index":"index","follow":"follow","max-snippet":"max-snippet:-1","max-image-preview":"max-image-preview:large","max-video-preview":"max-video-preview:-1"},"canonical":"https:\/\/akillibrasil.com\/blog\/quarto-mandato-lula-ate-2030\/","og_locale":"pt_BR","og_type":"article","og_title":"Quarto mandato de Lula: o que esperar at\u00e9 2030?","og_description":"Dados de economia, emprego, educa\u00e7\u00e3o, seguran\u00e7a e risco fiscal ajudam a projetar como pode ser o quarto mandato de Lula.","og_url":"https:\/\/akillibrasil.com\/blog\/quarto-mandato-lula-ate-2030\/","article_publisher":"https:\/\/facebook.com\/akillibrasil","article_author":"https:\/\/facebook.com\/kirondelima","article_published_time":"2026-08-30T15:31:42+00:00","article_modified_time":"2026-08-30T15:34:33+00:00","og_image":[{"width":1024,"height":768,"url":"https:\/\/akillibrasil.com\/blog\/wp-content\/uploads\/2026\/08\/quarto-mandato-de-lula-1024x768.png","type":"image\/png"}],"author":"Erik Lima","twitter_card":"summary_large_image","twitter_creator":"@erikkiron","twitter_site":"@akillibrasil","twitter_misc":{"Escrito por":"Erik Lima","Est. tempo de leitura":"22 minutos"},"schema":{"@context":"https:\/\/schema.org","@graph":[{"@type":"Article","@id":"https:\/\/akillibrasil.com\/blog\/quarto-mandato-lula-ate-2030\/#article","isPartOf":{"@id":"https:\/\/akillibrasil.com\/blog\/quarto-mandato-lula-ate-2030\/"},"author":{"name":"Erik Lima","@id":"https:\/\/akillibrasil.com\/blog\/#\/schema\/person\/8faa1e5a2100da58e3a8a9d4b63c03b5"},"headline":"O que o futuro reserva para um poss\u00edvel 4\u00ba mandato do Lula?","datePublished":"2026-08-30T15:31:42+00:00","dateModified":"2026-08-30T15:34:33+00:00","mainEntityOfPage":{"@id":"https:\/\/akillibrasil.com\/blog\/quarto-mandato-lula-ate-2030\/"},"wordCount":4301,"commentCount":0,"publisher":{"@id":"https:\/\/akillibrasil.com\/blog\/#organization"},"image":{"@id":"https:\/\/akillibrasil.com\/blog\/quarto-mandato-lula-ate-2030\/#primaryimage"},"thumbnailUrl":"https:\/\/akillibrasil.com\/blog\/wp-content\/uploads\/2026\/08\/quarto-mandato-de-lula.png","keywords":["desigualdade social","economia brasileira","educa\u00e7\u00e3o","Elei\u00e7\u00f5es 2026","elei\u00e7\u00f5es presidenciais","emprego","gest\u00e3o p\u00fablica","Lula","Plano de Governo","pol\u00edtica brasileira","seguran\u00e7a p\u00fablica"],"articleSection":["Economia","Elei\u00e7\u00f5es 2026","Pol\u00edtica","Todos"],"inLanguage":"pt-BR","potentialAction":[{"@type":"CommentAction","name":"Comment","target":["https:\/\/akillibrasil.com\/blog\/quarto-mandato-lula-ate-2030\/#respond"]}]},{"@type":"WebPage","@id":"https:\/\/akillibrasil.com\/blog\/quarto-mandato-lula-ate-2030\/","url":"https:\/\/akillibrasil.com\/blog\/quarto-mandato-lula-ate-2030\/","name":"Quarto mandato de Lula: o que esperar at\u00e9 2030?","isPartOf":{"@id":"https:\/\/akillibrasil.com\/blog\/#website"},"primaryImageOfPage":{"@id":"https:\/\/akillibrasil.com\/blog\/quarto-mandato-lula-ate-2030\/#primaryimage"},"image":{"@id":"https:\/\/akillibrasil.com\/blog\/quarto-mandato-lula-ate-2030\/#primaryimage"},"thumbnailUrl":"https:\/\/akillibrasil.com\/blog\/wp-content\/uploads\/2026\/08\/quarto-mandato-de-lula.png","datePublished":"2026-08-30T15:31:42+00:00","dateModified":"2026-08-30T15:34:33+00:00","description":"Dados de economia, emprego, educa\u00e7\u00e3o, seguran\u00e7a e risco fiscal ajudam a projetar como pode ser o quarto mandato de Lula.","breadcrumb":{"@id":"https:\/\/akillibrasil.com\/blog\/quarto-mandato-lula-ate-2030\/#breadcrumb"},"inLanguage":"pt-BR","potentialAction":[{"@type":"ReadAction","target":["https:\/\/akillibrasil.com\/blog\/quarto-mandato-lula-ate-2030\/"]}]},{"@type":"ImageObject","inLanguage":"pt-BR","@id":"https:\/\/akillibrasil.com\/blog\/quarto-mandato-lula-ate-2030\/#primaryimage","url":"https:\/\/akillibrasil.com\/blog\/wp-content\/uploads\/2026\/08\/quarto-mandato-de-lula.png","contentUrl":"https:\/\/akillibrasil.com\/blog\/wp-content\/uploads\/2026\/08\/quarto-mandato-de-lula.png","width":1448,"height":1086,"caption":"Quarto mandato de Lula"},{"@type":"BreadcrumbList","@id":"https:\/\/akillibrasil.com\/blog\/quarto-mandato-lula-ate-2030\/#breadcrumb","itemListElement":[{"@type":"ListItem","position":1,"name":"In\u00edcio","item":"https:\/\/akillibrasil.com\/blog\/"},{"@type":"ListItem","position":2,"name":"O que o futuro reserva para um poss\u00edvel 4\u00ba mandato do Lula?"}]},{"@type":"WebSite","@id":"https:\/\/akillibrasil.com\/blog\/#website","url":"https:\/\/akillibrasil.com\/blog\/","name":"Akilli Blog","description":"Informa\u00e7\u00e3o para voc\u00ea formar sua opini\u00e3o.","publisher":{"@id":"https:\/\/akillibrasil.com\/blog\/#organization"},"potentialAction":[{"@type":"SearchAction","target":{"@type":"EntryPoint","urlTemplate":"https:\/\/akillibrasil.com\/blog\/?s={search_term_string}"},"query-input":{"@type":"PropertyValueSpecification","valueRequired":true,"valueName":"search_term_string"}}],"inLanguage":"pt-BR"},{"@type":"Organization","@id":"https:\/\/akillibrasil.com\/blog\/#organization","name":"Akilli Brasil Ltda.","url":"https:\/\/akillibrasil.com\/blog\/","logo":{"@type":"ImageObject","inLanguage":"pt-BR","@id":"https:\/\/akillibrasil.com\/blog\/#\/schema\/logo\/image\/","url":"https:\/\/akillibrasil.com\/blog\/wp-content\/uploads\/2024\/10\/cropped-Logotipo-final-2.png","contentUrl":"https:\/\/akillibrasil.com\/blog\/wp-content\/uploads\/2024\/10\/cropped-Logotipo-final-2.png","width":1998,"height":667,"caption":"Akilli Brasil Ltda."},"image":{"@id":"https:\/\/akillibrasil.com\/blog\/#\/schema\/logo\/image\/"},"sameAs":["https:\/\/facebook.com\/akillibrasil","https:\/\/x.com\/akillibrasil","https:\/\/instagram.com\/akillibrasil","https:\/\/linkedin.com\/company\/akilli-brasil"]},{"@type":"Person","@id":"https:\/\/akillibrasil.com\/blog\/#\/schema\/person\/8faa1e5a2100da58e3a8a9d4b63c03b5","name":"Erik Lima","pronouns":"ele\/dele","image":{"@type":"ImageObject","inLanguage":"pt-BR","@id":"https:\/\/secure.gravatar.com\/avatar\/f55bafb5612ba885d8d87b925ce5d0f292e1680d2328d563780aad99dcb36272?s=96&d=mm&r=g","url":"https:\/\/secure.gravatar.com\/avatar\/f55bafb5612ba885d8d87b925ce5d0f292e1680d2328d563780aad99dcb36272?s=96&d=mm&r=g","contentUrl":"https:\/\/secure.gravatar.com\/avatar\/f55bafb5612ba885d8d87b925ce5d0f292e1680d2328d563780aad99dcb36272?s=96&d=mm&r=g","caption":"Erik Lima"},"description":"Ao longo dos \u00faltimos anos, venho desenvolvendo solu\u00e7\u00f5es criativas e inovadoras na interse\u00e7\u00e3o entre comunica\u00e7\u00e3o, cultura, tecnologia e entretenimento. Sou fundador da Akilli Brasil, uma \u201cempresa que cria\u201d \u2014 marcas, conte\u00fados, sistemas, produtos digitais, programas de m\u00eddia e plataformas que conectam ideias a opera\u00e7\u00e3o.","sameAs":["https:\/\/instagram.com\/erik.kiron","https:\/\/facebook.com\/kirondelima","https:\/\/linkedin.com\/in\/erikklima","https:\/\/x.com\/erikkiron"],"url":"https:\/\/akillibrasil.com\/blog\/author\/erikklima\/"}]}},"jetpack_publicize_connections":[],"jetpack_sharing_enabled":true,"jetpack_featured_media_url":"https:\/\/akillibrasil.com\/blog\/wp-content\/uploads\/2026\/08\/quarto-mandato-de-lula.png","_links":{"self":[{"href":"https:\/\/akillibrasil.com\/blog\/wp-json\/wp\/v2\/posts\/4056","targetHints":{"allow":["GET"]}}],"collection":[{"href":"https:\/\/akillibrasil.com\/blog\/wp-json\/wp\/v2\/posts"}],"about":[{"href":"https:\/\/akillibrasil.com\/blog\/wp-json\/wp\/v2\/types\/post"}],"author":[{"embeddable":true,"href":"https:\/\/akillibrasil.com\/blog\/wp-json\/wp\/v2\/users\/2"}],"replies":[{"embeddable":true,"href":"https:\/\/akillibrasil.com\/blog\/wp-json\/wp\/v2\/comments?post=4056"}],"version-history":[{"count":2,"href":"https:\/\/akillibrasil.com\/blog\/wp-json\/wp\/v2\/posts\/4056\/revisions"}],"predecessor-version":[{"id":4059,"href":"https:\/\/akillibrasil.com\/blog\/wp-json\/wp\/v2\/posts\/4056\/revisions\/4059"}],"wp:featuredmedia":[{"embeddable":true,"href":"https:\/\/akillibrasil.com\/blog\/wp-json\/wp\/v2\/media\/4057"}],"wp:attachment":[{"href":"https:\/\/akillibrasil.com\/blog\/wp-json\/wp\/v2\/media?parent=4056"}],"wp:term":[{"taxonomy":"category","embeddable":true,"href":"https:\/\/akillibrasil.com\/blog\/wp-json\/wp\/v2\/categories?post=4056"},{"taxonomy":"post_tag","embeddable":true,"href":"https:\/\/akillibrasil.com\/blog\/wp-json\/wp\/v2\/tags?post=4056"}],"curies":[{"name":"wp","href":"https:\/\/api.w.org\/{rel}","templated":true}]}}